{"id":12516,"date":"2017-01-18T07:00:19","date_gmt":"2017-01-18T07:00:19","guid":{"rendered":"http:\/\/www.bbmag.co.uk\/?p=12516\/"},"modified":"2017-01-17T11:24:11","modified_gmt":"2017-01-17T11:24:11","slug":"a-moda-praia-no-brasil","status":"publish","type":"post","link":"https:\/\/www.bbmag.co.uk\/pt-br\/a-moda-praia-no-brasil\/","title":{"rendered":"A moda praia no Brasil"},"content":{"rendered":"<h1>A moda praia no Brasil<\/h1>\n<p style=\"text-align: justify;\"><em>A forma \u2013 ou a bossa \u2013 de saber aproveitar o sol e o mar \u00e9 uma das caracter\u00edsticas mais marcantes da cultura brasileira e refer\u00eancia mundial quando se trata de biqu\u00edni e tend\u00eancias da moda praia. Conhe\u00e7a um pouco dessa hist\u00f3ria<\/em><\/p>\n<p style=\"text-align: justify;\">As influ\u00eancias iniciais dos trajes de banho eram as que se destacavam pelo mundo nos anos 20, quando os modelos de Jean Patou eram compostos por duas pe\u00e7as enormes! A partir dos anos 30, as praias passaram a ser endere\u00e7o de lazer, tornando-se ideal para a pr\u00e1tica de atividades f\u00edsicas.<\/p>\n<p style=\"text-align: justify;\">No ver\u00e3o de 1946, em Paris, o estilista Louis R\u00e9ard apresentou uma nova cria\u00e7\u00e3o, que foi posteriormente incorporada e redefinida pelo Brasil, tornando-a s\u00edmbolo m\u00e1ximo da moda de praia mundial: o <em>biqu\u00edni<\/em>. Em areias brasileiras, registra-se que um biqu\u00edni curto foi usado por primeira vez pela atriz alem\u00e3 Miriam Etz, em 1948, na Praia do Diabo (Ipanema), e foi, na \u00e9poca, alvo de muito preconceito.<\/p>\n<p style=\"text-align: justify;\">Foi a moda praia que inspirou, em 1963, a c\u00e9lebre can\u00e7\u00e3o de Vinicius de Moraes, \u201cGarota de Ipanema\u201d, enquanto ele contemplava sua musa desfilando de biqu\u00edni a caminho do mar. Nesse tempo, se usava um <em>pare\u00f4<\/em> por cima do biqu\u00edni \u2013 pe\u00e7a origin\u00e1ria do Taiti, amarrada na cintura, que foi a precursora da atual canga. Na mesma \u00e9poca foram lan\u00e7adas as sand\u00e1lias de borracha \u2013 item de exporta\u00e7\u00e3o do Brasil que virou um enorme sucesso na Europa \u2013 e novos desenhos de mai\u00f4s e biqu\u00ednis com tecidos mais sofisticados \u2013 malhas de algod\u00e3o, jaquard e j\u00e9rsei \u2013 e variadas estampas: flores, xadrez e bolinhas, amplamente utilizadas tamb\u00e9m de acordo com a \u00e9poca hippie.<\/p>\n<p style=\"text-align: justify;\">Os anos 70 trouxeram ao Rio o crescimento da ind\u00fastria de confec\u00e7\u00e3o de moda praia, que passou a exportar as pe\u00e7as em larga escala para regi\u00f5es de todo o Brasil e tamb\u00e9m para o mundo. Para os homens, as longas e bufantes bermudas, usadas at\u00e9 ent\u00e3o, deram lugar a curtas <em>sungas<\/em>. Na d\u00e9cada seguinte surgiram dois novos modelos de biqu\u00ednis: o <em>asa-delta<\/em> e o <em>fio-dental, <\/em>uma fina e min\u00fascula pe\u00e7a inspirada na moda que se usava em Ibiza, adaptada e transformada em s\u00edmbolo m\u00e1ximo de sensualidade nas areias brasileiras, modelos admirados e usados no mundo todo.<\/p>\n<p style=\"text-align: justify;\">As praias brasileiras sempre serviram de cen\u00e1rios para cat\u00e1logos, editoriais e campanhas de moda de grandes marcas do mundo inteiro, que t\u00eam o Brasil como grande refer\u00eancia e tradi\u00e7\u00e3o quando o assunto \u00e9 a moda praia. N\u00e3o \u00e9 para menos.<\/p>\n<p>&nbsp;<\/p>\n<blockquote><p>O nome <em>biqu\u00edni<\/em> foi dado em refer\u00eancia ao atol de Bikini, uma forma\u00e7\u00e3o insular localizada no Oceano Pac\u00edfico, que tem formato triangular e \u00e9 t\u00e3o min\u00fasculo quanto o vestu\u00e1rio.<\/p><\/blockquote>\n","protected":false},"excerpt":{"rendered":"<p>A moda praia no Brasil A forma \u2013 ou a bossa \u2013 de saber aproveitar o sol e o mar \u00e9 uma das caracter\u00edsticas mais marcantes da cultura brasileira e refer\u00eancia mundial quando se trata de biqu\u00edni e tend\u00eancias da moda praia. Conhe\u00e7a um pouco dessa hist\u00f3ria As influ\u00eancias iniciais dos trajes de banho eram<\/p>\n<div class=\"read-more\"><a href=\"https:\/\/www.bbmag.co.uk\/pt-br\/a-moda-praia-no-brasil\/\" title=\"Saiba mais\">Saiba mais<\/a><\/div>\n","protected":false},"author":72,"featured_media":12588,"comment_status":"open","ping_status":"open","sticky":false,"template":"","format":"standard","meta":{"_jetpack_memberships_contains_paid_content":false,"footnotes":"","jetpack_publicize_message":"","jetpack_publicize_feature_enabled":true,"jetpack_social_post_already_shared":false,"jetpack_social_options":{"image_generator_settings":{"template":"highway","default_image_id":0,"font":"","enabled":false},"version":2}},"categories":[82],"tags":[],"class_list":{"0":"post-12516","1":"post","2":"type-post","3":"status-publish","4":"format-standard","5":"has-post-thumbnail","7":"category-moda"},"jetpack_publicize_connections":[],"jetpack_featured_media_url":"https:\/\/www.bbmag.co.uk\/wp-content\/uploads\/2017\/01\/Beach-style.jpg","jetpack-related-posts":[],"jetpack_sharing_enabled":true,"_links":{"self":[{"href":"https:\/\/www.bbmag.co.uk\/pt-br\/wp-json\/wp\/v2\/posts\/12516","targetHints":{"allow":["GET"]}}],"collection":[{"href":"https:\/\/www.bbmag.co.uk\/pt-br\/wp-json\/wp\/v2\/posts"}],"about":[{"href":"https:\/\/www.bbmag.co.uk\/pt-br\/wp-json\/wp\/v2\/types\/post"}],"author":[{"embeddable":true,"href":"https:\/\/www.bbmag.co.uk\/pt-br\/wp-json\/wp\/v2\/users\/72"}],"replies":[{"embeddable":true,"href":"https:\/\/www.bbmag.co.uk\/pt-br\/wp-json\/wp\/v2\/comments?post=12516"}],"version-history":[{"count":0,"href":"https:\/\/www.bbmag.co.uk\/pt-br\/wp-json\/wp\/v2\/posts\/12516\/revisions"}],"wp:featuredmedia":[{"embeddable":true,"href":"https:\/\/www.bbmag.co.uk\/pt-br\/wp-json\/wp\/v2\/media\/12588"}],"wp:attachment":[{"href":"https:\/\/www.bbmag.co.uk\/pt-br\/wp-json\/wp\/v2\/media?parent=12516"}],"wp:term":[{"taxonomy":"category","embeddable":true,"href":"https:\/\/www.bbmag.co.uk\/pt-br\/wp-json\/wp\/v2\/categories?post=12516"},{"taxonomy":"post_tag","embeddable":true,"href":"https:\/\/www.bbmag.co.uk\/pt-br\/wp-json\/wp\/v2\/tags?post=12516"}],"curies":[{"name":"wp","href":"https:\/\/api.w.org\/{rel}","templated":true}]}}