{"id":17897,"date":"2018-06-19T08:00:14","date_gmt":"2018-06-19T07:00:14","guid":{"rendered":"https:\/\/www.bbmag.co.uk\/?p=17897"},"modified":"2018-06-20T22:15:40","modified_gmt":"2018-06-20T21:15:40","slug":"papo-de-boteco-parte-1","status":"publish","type":"post","link":"https:\/\/www.bbmag.co.uk\/pt-br\/papo-de-boteco-parte-1\/","title":{"rendered":"Papo de Boteco &#8211; Parte 1"},"content":{"rendered":"<p>&nbsp;<\/p>\n<p><strong>&#8211; Pico da Neblina, o ponto mais alto do Brasil<\/strong><\/p>\n<p>O Pico da Neblina, localizado no norte do Estado do Amazonas, na serra do Imeri, \u00e9 o ponto mais alto do Brasil com 2.995 m de altitude. O nome do pico origina-se do fato de que o topo da montanha fica encoberto pela neblina a maior parte do tempo. Embora o maci\u00e7o do Pico da Neblina esteja situado na fronteira com a Venezuela e a maior parte dele esteja nesse pa\u00eds, o cume principal se encontra inteiramente dentro do territ\u00f3rio brasileiro.<\/p>\n<p>&nbsp;<\/p>\n<p><img decoding=\"async\" class=\"wp-image-17913 aligncenter\" src=\"https:\/\/www.bbmag.co.uk\/wp-content\/uploads\/2018\/06\/chit_chat_01.jpg\" alt=\"\" width=\"174\" height=\"368\" srcset=\"https:\/\/www.bbmag.co.uk\/wp-content\/uploads\/2018\/06\/chit_chat_01.jpg 962w, https:\/\/www.bbmag.co.uk\/wp-content\/uploads\/2018\/06\/chit_chat_01-142x300.jpg 142w, https:\/\/www.bbmag.co.uk\/wp-content\/uploads\/2018\/06\/chit_chat_01-768x1624.jpg 768w, https:\/\/www.bbmag.co.uk\/wp-content\/uploads\/2018\/06\/chit_chat_01-484x1024.jpg 484w, https:\/\/www.bbmag.co.uk\/wp-content\/uploads\/2018\/06\/chit_chat_01-610x1290.jpg 610w\" sizes=\"(max-width: 174px) 100vw, 174px\" \/><\/p>\n<p>&nbsp;<\/p>\n<p><strong>&#8211; Primeiros turistas no Brasil<\/strong><\/p>\n<p>Os primeiros turistas oficiais chegaram ao Brasil em 1\u00ba de janeiro de 1502, como parte de uma viagem explorat\u00f3ria portuguesa liderada por Andr\u00e9 Gon\u00e7alves, que nomeou a ba\u00eda onde desembarcaram no Rio de Janeiro.<\/p>\n<p>&nbsp;<\/p>\n<p><img decoding=\"async\" class=\" wp-image-17916 aligncenter\" src=\"https:\/\/www.bbmag.co.uk\/wp-content\/uploads\/2018\/06\/chit_chat_04.jpg\" alt=\"\" width=\"370\" height=\"182\" srcset=\"https:\/\/www.bbmag.co.uk\/wp-content\/uploads\/2018\/06\/chit_chat_04.jpg 1523w, https:\/\/www.bbmag.co.uk\/wp-content\/uploads\/2018\/06\/chit_chat_04-300x148.jpg 300w, https:\/\/www.bbmag.co.uk\/wp-content\/uploads\/2018\/06\/chit_chat_04-768x379.jpg 768w, https:\/\/www.bbmag.co.uk\/wp-content\/uploads\/2018\/06\/chit_chat_04-1024x505.jpg 1024w, https:\/\/www.bbmag.co.uk\/wp-content\/uploads\/2018\/06\/chit_chat_04-610x301.jpg 610w, https:\/\/www.bbmag.co.uk\/wp-content\/uploads\/2018\/06\/chit_chat_04-164x82.jpg 164w\" sizes=\"(max-width: 370px) 100vw, 370px\" \/><\/p>\n<p>&nbsp;<\/p>\n<p><strong>&#8211; Mulheres e as for\u00e7as armadas <\/strong><\/p>\n<p>Nos anos 80 o Brasil tornou-se o primeiro pa\u00eds da Am\u00e9rica do Sul a aceitar mulheres em suas for\u00e7as armadas.<\/p>\n<p>&nbsp;<\/p>\n<p><strong>&#8211; Qual a \u00e1rvore mais velha do Brasil?<\/strong><\/p>\n<p>A \u00e1rvore mais velha do Brasil \u00e9 um jequitib\u00e1-rosa com 3020 anos, que se encontra no Parque Estadual de Vassununga, em Santa Rita do Passa Quatro, S\u00e3o Paulo.<\/p>\n<p>&nbsp;<\/p>\n<p><img decoding=\"async\" class=\" wp-image-17917 aligncenter\" src=\"https:\/\/www.bbmag.co.uk\/wp-content\/uploads\/2018\/06\/chit_chat_05.jpg\" alt=\"\" width=\"545\" height=\"104\" srcset=\"https:\/\/www.bbmag.co.uk\/wp-content\/uploads\/2018\/06\/chit_chat_05.jpg 2127w, https:\/\/www.bbmag.co.uk\/wp-content\/uploads\/2018\/06\/chit_chat_05-300x57.jpg 300w, https:\/\/www.bbmag.co.uk\/wp-content\/uploads\/2018\/06\/chit_chat_05-768x147.jpg 768w, https:\/\/www.bbmag.co.uk\/wp-content\/uploads\/2018\/06\/chit_chat_05-1024x196.jpg 1024w, https:\/\/www.bbmag.co.uk\/wp-content\/uploads\/2018\/06\/chit_chat_05-610x117.jpg 610w\" sizes=\"(max-width: 545px) 100vw, 545px\" \/><\/p>\n<p>&nbsp;<\/p>\n<p><strong>&#8211; Das 20 frutas mais consumidas no Brasil, apenas 3 s\u00e3o origin\u00e1rias do pa\u00eds<\/strong><\/p>\n<p>Voc\u00ea sabia que a laranja, a ma\u00e7\u00e3, o mam\u00e3o, o morango e a jaca s\u00e3o exemplos de frutas que n\u00e3o s\u00e3o brasileiras? A \u00cdndia \u00e9 terra da laranja e da jaca, j\u00e1 a ma\u00e7\u00e3 \u00e9 da regi\u00e3o da Eur\u00e1sia. O mam\u00e3o veio do M\u00e9xico e o morango teve origem tanto nos EUA, quanto no Chile. A banana possui registros da Indochina, \u00cdndia, Mal\u00e1sia e Filipinas. A uva tamb\u00e9m \u00e9 origin\u00e1ria de v\u00e1rios locais como a \u00c1sia, Europa e Am\u00e9rica do Norte.<\/p>\n<p>Dentre as 20 frutas mais consumidas no Brasil, apenas tr\u00eas s\u00e3o nativas: abacaxi, goiaba e maracuj\u00e1.<\/p>\n<p>&nbsp;<\/p>\n<p><img decoding=\"async\" class=\"wp-image-17899 aligncenter\" src=\"https:\/\/www.bbmag.co.uk\/wp-content\/uploads\/2018\/06\/chit_chat_03.jpg\" alt=\"\" width=\"352\" height=\"162\" srcset=\"https:\/\/www.bbmag.co.uk\/wp-content\/uploads\/2018\/06\/chit_chat_03.jpg 1273w, https:\/\/www.bbmag.co.uk\/wp-content\/uploads\/2018\/06\/chit_chat_03-300x138.jpg 300w, https:\/\/www.bbmag.co.uk\/wp-content\/uploads\/2018\/06\/chit_chat_03-768x353.jpg 768w, https:\/\/www.bbmag.co.uk\/wp-content\/uploads\/2018\/06\/chit_chat_03-1024x471.jpg 1024w, https:\/\/www.bbmag.co.uk\/wp-content\/uploads\/2018\/06\/chit_chat_03-610x280.jpg 610w\" sizes=\"(max-width: 352px) 100vw, 352px\" \/><\/p>\n<p><strong>&#8211; Por que Ouro Preto? <\/strong><\/p>\n<p>Sabia que a cidade de Ouro Preto, em Minas Gerais, tem esse nome devido \u00e0 explora\u00e7\u00e3o local de ouro? Pois \u00e9, mas a pergunta que fica \u00e9: por que \u201cpreto\u201d? A resposta \u00e9 simples: o ouro da regi\u00e3o era recoberto com uma camada de \u00f3xido de ferro, que lhe dava uma tonalidade mais escura. Ali\u00e1s, at\u00e9 1823, a cidade era chamada de Vila Rica.<\/p>\n<p>&nbsp;<\/p>\n<p><strong>&#8211; A Revolu\u00e7\u00e3o Industrial e a minera\u00e7\u00e3o no Brasil Colonial<\/strong><\/p>\n<p>Sabe o que elas t\u00eam a ver? Muita coisa! O ouro foi levado para Portugal e gerou lucro at\u00e9 para a Inglaterra, que teria financiado a Revolu\u00e7\u00e3o Industrial com parte das riquezas tiradas da col\u00f4nia portuguesa. E n\u00e3o foi s\u00f3 lucro que a extra\u00e7\u00e3o de ouro gerou. Com ela, vieram as artes, representadas, sobretudo por Aleijadinho.<\/p>\n<p>&nbsp;<\/p>\n<p><strong>&#8211; <\/strong><strong>Voc\u00ea fala portugu\u00eas?<\/strong><\/p>\n<p>O portugu\u00eas \u00e9 o idioma de, aproximadamente 191 milh\u00f5es de pessoas. \u00c9 a quinta l\u00edngua mais falada do mundo.<\/p>\n","protected":false},"excerpt":{"rendered":"<p>&nbsp; &#8211; Pico da Neblina, o ponto mais alto do Brasil O Pico da Neblina, localizado no norte do Estado do Amazonas, na serra do Imeri, \u00e9 o ponto mais alto do Brasil com 2.995 m de altitude. O nome do pico origina-se do fato de que o topo da montanha fica encoberto pela neblina<\/p>\n<div class=\"read-more\"><a href=\"https:\/\/www.bbmag.co.uk\/pt-br\/papo-de-boteco-parte-1\/\" title=\"Saiba mais\">Saiba mais<\/a><\/div>\n","protected":false},"author":38,"featured_media":17898,"comment_status":"open","ping_status":"open","sticky":false,"template":"","format":"standard","meta":{"_jetpack_memberships_contains_paid_content":false,"footnotes":"","jetpack_publicize_message":"","jetpack_publicize_feature_enabled":true,"jetpack_social_post_already_shared":false,"jetpack_social_options":{"image_generator_settings":{"template":"highway","default_image_id":0,"font":"","enabled":false},"version":2}},"categories":[179],"tags":[338,339,341,340,342],"class_list":{"0":"post-17897","1":"post","2":"type-post","3":"status-publish","4":"format-standard","5":"has-post-thumbnail","7":"category-papo-de-boteco","8":"tag-conversa","9":"tag-curiosidades","10":"tag-ouro-preto","11":"tag-papo-de-boteco","12":"tag-portugues"},"jetpack_publicize_connections":[],"jetpack_featured_media_url":"https:\/\/www.bbmag.co.uk\/wp-content\/uploads\/2018\/06\/chit_chat_02.jpg","jetpack-related-posts":[],"jetpack_sharing_enabled":true,"_links":{"self":[{"href":"https:\/\/www.bbmag.co.uk\/pt-br\/wp-json\/wp\/v2\/posts\/17897","targetHints":{"allow":["GET"]}}],"collection":[{"href":"https:\/\/www.bbmag.co.uk\/pt-br\/wp-json\/wp\/v2\/posts"}],"about":[{"href":"https:\/\/www.bbmag.co.uk\/pt-br\/wp-json\/wp\/v2\/types\/post"}],"author":[{"embeddable":true,"href":"https:\/\/www.bbmag.co.uk\/pt-br\/wp-json\/wp\/v2\/users\/38"}],"replies":[{"embeddable":true,"href":"https:\/\/www.bbmag.co.uk\/pt-br\/wp-json\/wp\/v2\/comments?post=17897"}],"version-history":[{"count":0,"href":"https:\/\/www.bbmag.co.uk\/pt-br\/wp-json\/wp\/v2\/posts\/17897\/revisions"}],"wp:featuredmedia":[{"embeddable":true,"href":"https:\/\/www.bbmag.co.uk\/pt-br\/wp-json\/wp\/v2\/media\/17898"}],"wp:attachment":[{"href":"https:\/\/www.bbmag.co.uk\/pt-br\/wp-json\/wp\/v2\/media?parent=17897"}],"wp:term":[{"taxonomy":"category","embeddable":true,"href":"https:\/\/www.bbmag.co.uk\/pt-br\/wp-json\/wp\/v2\/categories?post=17897"},{"taxonomy":"post_tag","embeddable":true,"href":"https:\/\/www.bbmag.co.uk\/pt-br\/wp-json\/wp\/v2\/tags?post=17897"}],"curies":[{"name":"wp","href":"https:\/\/api.w.org\/{rel}","templated":true}]}}