{"id":18485,"date":"2018-08-20T08:00:05","date_gmt":"2018-08-20T07:00:05","guid":{"rendered":"https:\/\/www.bbmag.co.uk\/?p=18485"},"modified":"2018-08-16T18:38:30","modified_gmt":"2018-08-16T17:38:30","slug":"edicao-paulista-do-afrolab","status":"publish","type":"post","link":"https:\/\/www.bbmag.co.uk\/pt-br\/edicao-paulista-do-afrolab\/","title":{"rendered":"Edi\u00e7\u00e3o paulista do AFROLAB oferece atividades para empreendedores negros e abre turma no ramo gastron\u00f4mico"},"content":{"rendered":"<h1><span style=\"font-weight: 400;\">Idealizada pela Feira Preta, iniciativa AFROLAB ter\u00e1 participa\u00e7\u00e3o de empreendedores de sucesso<\/span><\/h1>\n<p><span style=\"font-weight: 400;\">A nova edi\u00e7\u00e3o do projeto come\u00e7ou, em S\u00e3o Paulo, no dia 10 de agosto e termina no dia 22 do mesmo m\u00eas. O AFROLAB apoia, promove e impulsiona o afroempreendedorismo e \u00e9 promovido pela Feira Preta, projeto desenvolvido pela empreendedora Adriana Barbosa cujo intuito \u00e9 a divulga\u00e7\u00e3o e investimento em tend\u00eancias afro-contempor\u00e2neas do mercado e das artes. <\/span><\/p>\n<p><span style=\"font-weight: 400;\">Usando metodologia in\u00e9dita e exclusiva desenvolvida em parceria com o British Council e com a Universidade de Coventry do Reino Unido, a iniciativa conta com\u00a0atividades de autoconhecimento, ciclos de imers\u00e3o criativa, aprendizagem, cursos e workshops. Neste ano, ter\u00e1 uma turma exclusiva para empreendedores do ramo gastron\u00f4mico.<\/span><\/p>\n<p><span style=\"font-weight: 400;\">A edi\u00e7\u00e3o paulista na Funda\u00e7\u00e3o Tide Setubal, zona Leste, tem atividades de capacita\u00e7\u00e3o que ser\u00e3o divididas em duas turmas: a primeira focada no mercado gastron\u00f4mico, de 10 a 15 de agosto; e outra para empreendedores dos demais segmentos, de 17 a 22 de agosto. O AFROLAB\u00a0busca potencializar a criatividade e promover o networking dos que est\u00e3o associados \u00e0 diversidade cultural brasileira, destacando tamb\u00e9m aspectos t\u00e9cnicos fundamentais para criar e gerenciar um neg\u00f3cio.<\/span><\/p>\n<p><span style=\"font-weight: 400;\">Ser\u00e3o feitos tamb\u00e9m bate-papos com profissionais de destaque em seus segmentos de atua\u00e7\u00e3o, para possibilitar a troca de experi\u00eancias e viv\u00eancias inspiradoras. <\/span><\/p>\n<p><i><span style=\"font-weight: 400;\"> \u201cForam mais de 300 inscritos e as turmas desse ano s\u00e3o formadas por empreendedores que j\u00e1 possuem um neg\u00f3cio em andamento e desejam alavancar seu empreendimento. O objetivo \u00e9 que esse grupo identifique os problemas comuns que enfrentam em seus neg\u00f3cios e, com aux\u00edlio do\u00a0AFROLAB, encontre as solu\u00e7\u00f5es mais assertivas para inovar no desenvolvimento de produtos e servi\u00e7os entre afro empreendedores,\u00a0que representam mais de 50% dos microempres\u00e1rios no Brasil\u201d<\/span><\/i><span style=\"font-weight: 400;\">, explica Adriana Barbosa, que comenta ainda sobre o car\u00e1ter itinerante do projeto, que passar\u00e1 por outras cidades do Pa\u00eds ainda neste ano, como Rio de Janeiro, Salvador e Recife.<\/span><\/p>\n<p>&nbsp;<\/p>\n<p>Foto: Pedro Saad.<\/p>\n","protected":false},"excerpt":{"rendered":"<p>Idealizada pela Feira Preta, iniciativa AFROLAB ter\u00e1 participa\u00e7\u00e3o de empreendedores de sucesso A nova edi\u00e7\u00e3o do projeto come\u00e7ou, em S\u00e3o Paulo, no dia 10 de agosto e termina no dia 22 do mesmo m\u00eas. O AFROLAB apoia, promove e impulsiona o afroempreendedorismo e \u00e9 promovido pela Feira Preta, projeto desenvolvido pela empreendedora Adriana Barbosa cujo<\/p>\n<div class=\"read-more\"><a href=\"https:\/\/www.bbmag.co.uk\/pt-br\/edicao-paulista-do-afrolab\/\" title=\"Saiba mais\">Saiba mais<\/a><\/div>\n","protected":false},"author":38,"featured_media":18486,"comment_status":"open","ping_status":"open","sticky":false,"template":"","format":"standard","meta":{"_jetpack_memberships_contains_paid_content":false,"footnotes":"","jetpack_publicize_message":"","jetpack_publicize_feature_enabled":true,"jetpack_social_post_already_shared":false,"jetpack_social_options":{"image_generator_settings":{"template":"highway","default_image_id":0,"font":"","enabled":false},"version":2}},"categories":[81,78],"tags":[474,436,472,475,433,111,473],"class_list":{"0":"post-18485","1":"post","2":"type-post","3":"status-publish","4":"format-standard","5":"has-post-thumbnail","7":"category-educacao","8":"category-bbmag-eventos","9":"tag-afrolab","10":"tag-economia","11":"tag-empreendedorismo","12":"tag-feira-preta","13":"tag-financas","14":"tag-gastronomia","15":"tag-projetos"},"jetpack_publicize_connections":[],"jetpack_featured_media_url":"https:\/\/www.bbmag.co.uk\/wp-content\/uploads\/2018\/08\/P1099413.jpg","jetpack-related-posts":[],"jetpack_sharing_enabled":true,"_links":{"self":[{"href":"https:\/\/www.bbmag.co.uk\/pt-br\/wp-json\/wp\/v2\/posts\/18485","targetHints":{"allow":["GET"]}}],"collection":[{"href":"https:\/\/www.bbmag.co.uk\/pt-br\/wp-json\/wp\/v2\/posts"}],"about":[{"href":"https:\/\/www.bbmag.co.uk\/pt-br\/wp-json\/wp\/v2\/types\/post"}],"author":[{"embeddable":true,"href":"https:\/\/www.bbmag.co.uk\/pt-br\/wp-json\/wp\/v2\/users\/38"}],"replies":[{"embeddable":true,"href":"https:\/\/www.bbmag.co.uk\/pt-br\/wp-json\/wp\/v2\/comments?post=18485"}],"version-history":[{"count":0,"href":"https:\/\/www.bbmag.co.uk\/pt-br\/wp-json\/wp\/v2\/posts\/18485\/revisions"}],"wp:featuredmedia":[{"embeddable":true,"href":"https:\/\/www.bbmag.co.uk\/pt-br\/wp-json\/wp\/v2\/media\/18486"}],"wp:attachment":[{"href":"https:\/\/www.bbmag.co.uk\/pt-br\/wp-json\/wp\/v2\/media?parent=18485"}],"wp:term":[{"taxonomy":"category","embeddable":true,"href":"https:\/\/www.bbmag.co.uk\/pt-br\/wp-json\/wp\/v2\/categories?post=18485"},{"taxonomy":"post_tag","embeddable":true,"href":"https:\/\/www.bbmag.co.uk\/pt-br\/wp-json\/wp\/v2\/tags?post=18485"}],"curies":[{"name":"wp","href":"https:\/\/api.w.org\/{rel}","templated":true}]}}