{"id":18604,"date":"2018-09-07T08:00:15","date_gmt":"2018-09-07T07:00:15","guid":{"rendered":"https:\/\/www.bbmag.co.uk\/?p=18604"},"modified":"2018-09-05T15:17:36","modified_gmt":"2018-09-05T14:17:36","slug":"feriado-do-7-de-setembro","status":"publish","type":"post","link":"https:\/\/www.bbmag.co.uk\/pt-br\/feriado-do-7-de-setembro\/","title":{"rendered":"Feriado do 7 de Setembro"},"content":{"rendered":"<h1><span style=\"font-weight: 400;\">\u201cIndepend\u00eancia ou morte!\u201d, foi o que gritou o ent\u00e3o Pr\u00edncipe Regente Dom Pedro, que seria, pouco depois, coroado como Imperador D. Pedro I no dia 7 de setembro<\/span><\/h1>\n<p><span style=\"font-weight: 400;\">A independ\u00eancia do Brasil \u00e9 comemorada no dia 7 de setembro, data que, quase 200 anos atr\u00e1s, foi primordial na liberta\u00e7\u00e3o do pa\u00eds do seu colonizador, Portugal. Em 1822 D. Pedro, ent\u00e3o Pr\u00edncipe Regente, proclamou a independ\u00eancia \u00e0s margens do rio Ipiranga. A cena ficou famosa e figura em diversas pinturas da \u00e9poca. <\/span><\/p>\n<p><span style=\"font-weight: 400;\">Naquela data o Brasil iniciou o processo de emancipa\u00e7\u00e3o e se livrou de 300 anos de dom\u00ednio portugu\u00eas. O pa\u00eds continuou uma monarquia, liderada ent\u00e3o por D. Pedro I, que se recusara a voltar para Portugal. Um dos fatores que alavancou a independ\u00eancia foi justamente a chegada da fam\u00edlia real no pa\u00eds e a consequente abertura dos portos a todos os pa\u00edses, resultando num fluxo de mercadorias muito superior ao que o Brasil col\u00f4nia poderia ter conseguido sozinho. <\/span><\/p>\n<p><span style=\"font-weight: 400;\">Mesmo hoje s\u00e3o realizados desfiles por todo o pa\u00eds, encabe\u00e7ados principalmente pelas For\u00e7as Armadas (Ex\u00e9rcito, Marinha e Aeron\u00e1utica). Escolas costumam, tamb\u00e9m, preparar apresenta\u00e7\u00f5es para comemorar a data e, em Bras\u00edlia, at\u00e9 mesmo o presidente participa das festividades. Vale lembrar tamb\u00e9m que o dia 7 de setembro \u00e9 feriado nacional.<\/span><\/p>\n<p><span style=\"font-weight: 400;\">O primeiro pa\u00eds a reconhecer o Brasil como territ\u00f3rio independente foram os Estados Unidos da Am\u00e9rica. Mesmo assim, Portugal s\u00f3 reconheceu a independ\u00eancia 3 anos depois, em 1825, mediante pagamento de uma taxa e gra\u00e7as a interven\u00e7\u00e3o da Gr\u00e3 Bretanha em favor dos brasileiros. Outro fator que serviu de base para a consolida\u00e7\u00e3o do ideal separatista foi a influ\u00eancia de ideias revolucion\u00e1rias, especialmente da independ\u00eancia dos EUA e da Revolu\u00e7\u00e3o Francesa.<\/span><\/p>\n<p>&nbsp;<\/p>\n<p>Foto: Divulga\u00e7\u00e3o\/Wikipedia<\/p>\n","protected":false},"excerpt":{"rendered":"<p>\u201cIndepend\u00eancia ou morte!\u201d, foi o que gritou o ent\u00e3o Pr\u00edncipe Regente Dom Pedro, que seria, pouco depois, coroado como Imperador D. Pedro I no dia 7 de setembro A independ\u00eancia do Brasil \u00e9 comemorada no dia 7 de setembro, data que, quase 200 anos atr\u00e1s, foi primordial na liberta\u00e7\u00e3o do pa\u00eds do seu colonizador, Portugal.<\/p>\n<div class=\"read-more\"><a href=\"https:\/\/www.bbmag.co.uk\/pt-br\/feriado-do-7-de-setembro\/\" title=\"Saiba mais\">Saiba mais<\/a><\/div>\n","protected":false},"author":38,"featured_media":18605,"comment_status":"open","ping_status":"open","sticky":false,"template":"","format":"standard","meta":{"_jetpack_memberships_contains_paid_content":false,"footnotes":"","jetpack_publicize_message":"","jetpack_publicize_feature_enabled":true,"jetpack_social_post_already_shared":false,"jetpack_social_options":{"image_generator_settings":{"template":"highway","default_image_id":0,"font":"","enabled":false},"version":2}},"categories":[78],"tags":[282,506],"class_list":{"0":"post-18604","1":"post","2":"type-post","3":"status-publish","4":"format-standard","5":"has-post-thumbnail","7":"category-bbmag-eventos","8":"tag-brasil","9":"tag-independencia"},"jetpack_publicize_connections":[],"jetpack_featured_media_url":"https:\/\/www.bbmag.co.uk\/wp-content\/uploads\/2018\/09\/DpedroI-brasil-full-e1536157016640.jpg","jetpack-related-posts":[],"jetpack_sharing_enabled":true,"_links":{"self":[{"href":"https:\/\/www.bbmag.co.uk\/pt-br\/wp-json\/wp\/v2\/posts\/18604","targetHints":{"allow":["GET"]}}],"collection":[{"href":"https:\/\/www.bbmag.co.uk\/pt-br\/wp-json\/wp\/v2\/posts"}],"about":[{"href":"https:\/\/www.bbmag.co.uk\/pt-br\/wp-json\/wp\/v2\/types\/post"}],"author":[{"embeddable":true,"href":"https:\/\/www.bbmag.co.uk\/pt-br\/wp-json\/wp\/v2\/users\/38"}],"replies":[{"embeddable":true,"href":"https:\/\/www.bbmag.co.uk\/pt-br\/wp-json\/wp\/v2\/comments?post=18604"}],"version-history":[{"count":0,"href":"https:\/\/www.bbmag.co.uk\/pt-br\/wp-json\/wp\/v2\/posts\/18604\/revisions"}],"wp:featuredmedia":[{"embeddable":true,"href":"https:\/\/www.bbmag.co.uk\/pt-br\/wp-json\/wp\/v2\/media\/18605"}],"wp:attachment":[{"href":"https:\/\/www.bbmag.co.uk\/pt-br\/wp-json\/wp\/v2\/media?parent=18604"}],"wp:term":[{"taxonomy":"category","embeddable":true,"href":"https:\/\/www.bbmag.co.uk\/pt-br\/wp-json\/wp\/v2\/categories?post=18604"},{"taxonomy":"post_tag","embeddable":true,"href":"https:\/\/www.bbmag.co.uk\/pt-br\/wp-json\/wp\/v2\/tags?post=18604"}],"curies":[{"name":"wp","href":"https:\/\/api.w.org\/{rel}","templated":true}]}}