{"id":18782,"date":"2018-10-18T08:00:12","date_gmt":"2018-10-18T07:00:12","guid":{"rendered":"https:\/\/www.bbmag.co.uk\/?p=18782"},"modified":"2018-10-11T20:51:04","modified_gmt":"2018-10-11T19:51:04","slug":"horario-de-verao-em-2018","status":"publish","type":"post","link":"https:\/\/www.bbmag.co.uk\/pt-br\/horario-de-verao-em-2018\/","title":{"rendered":"Hor\u00e1rio de Ver\u00e3o em 2018"},"content":{"rendered":"<h1><span style=\"font-weight: 400;\">Em 2018, o hor\u00e1rio de ver\u00e3o come\u00e7ar\u00e1 mais tarde nos estados brasileiros que o adotam, enquanto que no Reino Unido, ele termina no \u00faltimo fim de semana de outubro<\/span><\/h1>\n<p><span style=\"font-weight: 400;\">No ano de 2018, o chamado hor\u00e1rio de ver\u00e3o come\u00e7ar\u00e1 somente no dia 18 de novembro. A partir da 00h00min do dia 18, os brasileiros que fazem parte das zonas onde esse hor\u00e1rio \u00e9 v\u00e1lido dever\u00e3o adiantar o rel\u00f3gio em uma hora. Essa mudan\u00e7a que geralmente ocorre no Brasil no m\u00eas de outubro, esse ano ser\u00e1 adiado por conta do per\u00edodo eleitoral e do Exame Nacional do Ensino M\u00e9dio (ENEM).<\/span><\/p>\n<p><span style=\"font-weight: 400;\">O prop\u00f3sito do hor\u00e1rio de ver\u00e3o \u00e9 a economia de energia. Como os dias se tornam mais longos j\u00e1 no fim da primavera e in\u00edcio do vir\u00e3o, a ideia \u00e9 fazer com que as pessoas aproveitem melhor e por mais tempo a luz natural, diminuindo o gasto com eletricidade. <\/span><\/p>\n<p><span style=\"font-weight: 400;\">Com exce\u00e7\u00e3o dos estados do Norte e Nordeste, todo o resto do Brasil faz parte do hor\u00e1rio de ver\u00e3o, que deve se estender at\u00e9 a metade de fevereiro de 2019.<\/span><\/p>\n<p><span style=\"font-weight: 400;\">V\u00e1rios pa\u00edses do mundo adotam a medida do hor\u00e1rio de ver\u00e3o para que haja redu\u00e7\u00e3o no consumo de energia el\u00e9trica e melhor aproveitamento do sol, gerando por consequ\u00eancia uma economia nos gastos relacionados \u00e0 \u00e1rea energ\u00e9tica. Dentre esses pa\u00edses, est\u00e3o praticamente todos da Uni\u00e3o Europeia e tamb\u00e9m o Reino Unido.<\/span><\/p>\n<p><span style=\"font-weight: 400;\">O Reino Unido, ao contr\u00e1rio do que acontece no Brasil, j\u00e1 entrou no hor\u00e1rio de ver\u00e3o em mar\u00e7o (lembrando que as esta\u00e7\u00f5es do hemisf\u00e9rio norte s\u00e3o o contr\u00e1rio das do hemisf\u00e9rio sul, ou seja, enquanto no Brasil \u00e9 inverno, no Reino Unido \u00e9 ver\u00e3o). Por isso, aqueles que residem no Reino Unido dever\u00e3o atrasar em uma hora os rel\u00f3gios no \u00faltimo fim de semana do m\u00eas de outubro, junto com os outros pa\u00edses europeus.<\/span><\/p>\n","protected":false},"excerpt":{"rendered":"<p>Em 2018, o hor\u00e1rio de ver\u00e3o come\u00e7ar\u00e1 mais tarde nos estados brasileiros que o adotam, enquanto que no Reino Unido, ele termina no \u00faltimo fim de semana de outubro No ano de 2018, o chamado hor\u00e1rio de ver\u00e3o come\u00e7ar\u00e1 somente no dia 18 de novembro. A partir da 00h00min do dia 18, os brasileiros que<\/p>\n<div class=\"read-more\"><a href=\"https:\/\/www.bbmag.co.uk\/pt-br\/horario-de-verao-em-2018\/\" title=\"Saiba mais\">Saiba mais<\/a><\/div>\n","protected":false},"author":38,"featured_media":18783,"comment_status":"open","ping_status":"open","sticky":false,"template":"","format":"standard","meta":{"_jetpack_memberships_contains_paid_content":false,"footnotes":"","jetpack_publicize_message":"","jetpack_publicize_feature_enabled":true,"jetpack_social_post_already_shared":false,"jetpack_social_options":{"image_generator_settings":{"template":"highway","default_image_id":0,"font":"","enabled":false},"version":2}},"categories":[181],"tags":[282,556,557],"class_list":{"0":"post-18782","1":"post","2":"type-post","3":"status-publish","4":"format-standard","5":"has-post-thumbnail","7":"category-artigos","8":"tag-brasil","9":"tag-horario-de-verao","10":"tag-inglaterra"},"jetpack_publicize_connections":[],"jetpack_featured_media_url":"https:\/\/www.bbmag.co.uk\/wp-content\/uploads\/2018\/10\/waiting-410328_1920.jpg","jetpack-related-posts":[],"jetpack_sharing_enabled":true,"_links":{"self":[{"href":"https:\/\/www.bbmag.co.uk\/pt-br\/wp-json\/wp\/v2\/posts\/18782","targetHints":{"allow":["GET"]}}],"collection":[{"href":"https:\/\/www.bbmag.co.uk\/pt-br\/wp-json\/wp\/v2\/posts"}],"about":[{"href":"https:\/\/www.bbmag.co.uk\/pt-br\/wp-json\/wp\/v2\/types\/post"}],"author":[{"embeddable":true,"href":"https:\/\/www.bbmag.co.uk\/pt-br\/wp-json\/wp\/v2\/users\/38"}],"replies":[{"embeddable":true,"href":"https:\/\/www.bbmag.co.uk\/pt-br\/wp-json\/wp\/v2\/comments?post=18782"}],"version-history":[{"count":0,"href":"https:\/\/www.bbmag.co.uk\/pt-br\/wp-json\/wp\/v2\/posts\/18782\/revisions"}],"wp:featuredmedia":[{"embeddable":true,"href":"https:\/\/www.bbmag.co.uk\/pt-br\/wp-json\/wp\/v2\/media\/18783"}],"wp:attachment":[{"href":"https:\/\/www.bbmag.co.uk\/pt-br\/wp-json\/wp\/v2\/media?parent=18782"}],"wp:term":[{"taxonomy":"category","embeddable":true,"href":"https:\/\/www.bbmag.co.uk\/pt-br\/wp-json\/wp\/v2\/categories?post=18782"},{"taxonomy":"post_tag","embeddable":true,"href":"https:\/\/www.bbmag.co.uk\/pt-br\/wp-json\/wp\/v2\/tags?post=18782"}],"curies":[{"name":"wp","href":"https:\/\/api.w.org\/{rel}","templated":true}]}}