{"id":18856,"date":"2018-11-09T08:00:11","date_gmt":"2018-11-09T08:00:11","guid":{"rendered":"https:\/\/www.bbmag.co.uk\/?p=18856"},"modified":"2018-10-25T02:09:45","modified_gmt":"2018-10-25T01:09:45","slug":"festival-mulheres-do-mundo","status":"publish","type":"post","link":"https:\/\/www.bbmag.co.uk\/pt-br\/festival-mulheres-do-mundo\/","title":{"rendered":"Festival Mulheres do Mundo"},"content":{"rendered":"<h1><span style=\"font-weight: 400;\">O Festival Mulheres do Mundo, realizado desde 2010, ter\u00e1 sua primeira edi\u00e7\u00e3o latino-americana sediada no Rio de Janeiro<\/span><\/h1>\n<p><span style=\"font-weight: 400;\">O\u00a0Festival Mulheres do Mundo (WoW &#8211; Women of the World)\u00a0\u00e9 um espa\u00e7o para que as mulheres celebrem suas hist\u00f3rias de lutas e conquistas. \u00a0\u00c9 um lugar para trocar experi\u00eancias, conhecer novas perspectivas, contar e ouvir hist\u00f3rias, al\u00e9m de um grande encontro, onde mulheres de origens e trajet\u00f3rias diferentes poder\u00e3o estabelecer la\u00e7os e refletir sobre os muitos lados de uma s\u00f3 quest\u00e3o, para que possam reconhecer seus avan\u00e7os \u2013 e renovar suas energias para continuar a avan\u00e7ar.<\/span><\/p>\n<p><span style=\"font-weight: 400;\">Idealizado por Jude Kelly \u2013 importante refer\u00eancia feminina no mundo das artes e ex-presidente de um dos maiores centros culturais da Europa, o Southbank Centre, em Londres \u2013, o Festival foi realizado pela primeira vez na capital inglesa, no centen\u00e1rio do Dia Internacional da Mulher em 2010. \u00a0<\/span><\/p>\n<p><span style=\"font-weight: 400;\">A edi\u00e7\u00e3o do Rio de Janeiro ser\u00e1 a primeira na Am\u00e9rica Latina e vai reunir mulheres de toda a cidade, al\u00e9m de convidadas nacionais e internacionais, em dezenas de atividades. Sua realiza\u00e7\u00e3o est\u00e1 sendo conduzida pela\u00a0Redes da Mar\u00e9\u00a0em parceria com o\u00a0Southbank Centre\u00a0e o\u00a0British Council, tendo como espa\u00e7os de refer\u00eancia o MAR (Museu de Arte do Rio), Museu do Amanh\u00e3, Armaz\u00e9m 1 e Pra\u00e7a Mau\u00e1, dos dias 16 a 18 de novembro.<\/span><\/p>\n<p><span style=\"font-weight: 400;\">O evento acontece em quatro dimens\u00f5es:\u00a0<\/span><\/p>\n<ul>\n<li style=\"font-weight: 400;\"><b>Mulheres em di\u00e1logos<\/b><span style=\"font-weight: 400;\">, com rodas de conversas e trocas de experi\u00eancias por meio de sete categorias de encontros<\/span><\/li>\n<li style=\"font-weight: 400;\"><b>Mulheres das Artes e Culturas,\u00a0<\/b><span style=\"font-weight: 400;\">onde dezenas de apresenta\u00e7\u00f5es culturais e art\u00edsticas das mais diversas \u00e1reas (shows, performances, teatro, oficinas, artes pl\u00e1sticas) ser\u00e3o realizadas<\/span><\/li>\n<li style=\"font-weight: 400;\"><b>Mulheres empreendedoras<\/b><span style=\"font-weight: 400;\">, um espa\u00e7o dedicado \u00e0s inova\u00e7\u00f5es no campo da gastronomia, tecnologia, meio ambiente, moda, beleza e sa\u00fade, que \u00e9 chamado de Mercado Delas \u00a0<\/span><\/li>\n<li style=\"font-weight: 400;\"><b>Mulheres Ativistas<\/b><span style=\"font-weight: 400;\">, que contar\u00e1 com campanhas e atividades de mulheres da sociedade civil<\/span><\/li>\n<\/ul>\n<p><span style=\"font-weight: 400;\">A estimativa \u00e9 receber 30 mil pessoas nos tr\u00eas dias de evento. \u00a0S\u00e3o mais de 200 participantes internacionais e nacionais, al\u00e9m de tr\u00eas grandes shows de m\u00fasica por dia. Confira as participantes confirmadas em\u00a0<\/span><a href=\"http:\/\/www.festivalmulheresdomundo.com.br\/\" target=\"_blank\" rel=\"noopener\"><span style=\"font-weight: 400;\">www.festivalmulheresdomundo.com.br<\/span><\/a><span style=\"font-weight: 400;\">. Algumas atividades ter\u00e3o disponibilizadas inscri\u00e7\u00f5es antecipadas, al\u00e9m de distribui\u00e7\u00e3o de senha no local. Toda a programa\u00e7\u00e3o ser\u00e1 gratuita.<\/span><\/p>\n<p><b>Quando<\/b><span style=\"font-weight: 400;\">: De 16 a 18 de novembro de 2018<\/span><span style=\"font-weight: 400;\"><br \/>\n<\/span><b>Onde<\/b><span style=\"font-weight: 400;\">: Museu de Arte do Rio, Museu do Amanh\u00e3, Armaz\u00e9m 1 e Pra\u00e7a Mau\u00e1<\/span><\/p>\n<p>&nbsp;<\/p>\n<p><span style=\"font-weight: 400;\">Fonte foto: <\/span><a href=\"https:\/\/www.facebook.com\/pg\/festivalwowrio\/photos\/?tab=album&amp;album_id=377427399395950\" target=\"_blank\" rel=\"noopener\"><span style=\"font-weight: 400;\">Facebook<\/span><\/a><\/p>\n<p><span style=\"font-weight: 400;\">Fonte informa\u00e7\u00f5es: <\/span><a href=\"http:\/\/www.festivalmulheresdomundo.com.br\/canalwow\/artigo\/15\/release-wow?_ga=2.68737816.821268617.1539975295-1995945723.1539975295\" target=\"_blank\" rel=\"noopener\"><span style=\"font-weight: 400;\">Release<\/span><\/a><\/p>\n","protected":false},"excerpt":{"rendered":"<p>O Festival Mulheres do Mundo, realizado desde 2010, ter\u00e1 sua primeira edi\u00e7\u00e3o latino-americana sediada no Rio de Janeiro O\u00a0Festival Mulheres do Mundo (WoW &#8211; Women of the World)\u00a0\u00e9 um espa\u00e7o para que as mulheres celebrem suas hist\u00f3rias de lutas e conquistas. \u00a0\u00c9 um lugar para trocar experi\u00eancias, conhecer novas perspectivas, contar e ouvir hist\u00f3rias, al\u00e9m<\/p>\n<div class=\"read-more\"><a href=\"https:\/\/www.bbmag.co.uk\/pt-br\/festival-mulheres-do-mundo\/\" title=\"Saiba mais\">Saiba mais<\/a><\/div>\n","protected":false},"author":38,"featured_media":18857,"comment_status":"open","ping_status":"open","sticky":false,"template":"","format":"standard","meta":{"_jetpack_memberships_contains_paid_content":false,"footnotes":"","jetpack_publicize_message":"","jetpack_publicize_feature_enabled":true,"jetpack_social_post_already_shared":false,"jetpack_social_options":{"image_generator_settings":{"template":"highway","default_image_id":0,"font":"","enabled":false},"version":2}},"categories":[78],"tags":[443,503,163],"class_list":{"0":"post-18856","1":"post","2":"type-post","3":"status-publish","4":"format-standard","5":"has-post-thumbnail","7":"category-bbmag-eventos","8":"tag-festivais","9":"tag-mulheres","10":"tag-rio-de-janeiro"},"jetpack_publicize_connections":[],"jetpack_featured_media_url":"https:\/\/www.bbmag.co.uk\/wp-content\/uploads\/2018\/10\/42938074_505599719912050_3161482335178719232_n.png","jetpack-related-posts":[],"jetpack_sharing_enabled":true,"_links":{"self":[{"href":"https:\/\/www.bbmag.co.uk\/pt-br\/wp-json\/wp\/v2\/posts\/18856","targetHints":{"allow":["GET"]}}],"collection":[{"href":"https:\/\/www.bbmag.co.uk\/pt-br\/wp-json\/wp\/v2\/posts"}],"about":[{"href":"https:\/\/www.bbmag.co.uk\/pt-br\/wp-json\/wp\/v2\/types\/post"}],"author":[{"embeddable":true,"href":"https:\/\/www.bbmag.co.uk\/pt-br\/wp-json\/wp\/v2\/users\/38"}],"replies":[{"embeddable":true,"href":"https:\/\/www.bbmag.co.uk\/pt-br\/wp-json\/wp\/v2\/comments?post=18856"}],"version-history":[{"count":0,"href":"https:\/\/www.bbmag.co.uk\/pt-br\/wp-json\/wp\/v2\/posts\/18856\/revisions"}],"wp:featuredmedia":[{"embeddable":true,"href":"https:\/\/www.bbmag.co.uk\/pt-br\/wp-json\/wp\/v2\/media\/18857"}],"wp:attachment":[{"href":"https:\/\/www.bbmag.co.uk\/pt-br\/wp-json\/wp\/v2\/media?parent=18856"}],"wp:term":[{"taxonomy":"category","embeddable":true,"href":"https:\/\/www.bbmag.co.uk\/pt-br\/wp-json\/wp\/v2\/categories?post=18856"},{"taxonomy":"post_tag","embeddable":true,"href":"https:\/\/www.bbmag.co.uk\/pt-br\/wp-json\/wp\/v2\/tags?post=18856"}],"curies":[{"name":"wp","href":"https:\/\/api.w.org\/{rel}","templated":true}]}}