{"id":22125,"date":"2020-02-20T21:59:15","date_gmt":"2020-02-20T21:59:15","guid":{"rendered":"https:\/\/www.bbmag.co.uk\/?p=22125"},"modified":"2020-02-20T21:59:15","modified_gmt":"2020-02-20T21:59:15","slug":"sos-salve-o-samba-promove-edicao-especial-de-carnaval","status":"publish","type":"post","link":"https:\/\/www.bbmag.co.uk\/pt-br\/sos-salve-o-samba-promove-edicao-especial-de-carnaval\/","title":{"rendered":"SOS SALVE O SAMBA PROMOVE EDI\u00c7\u00c3O ESPECIAL DE CARNAVAL"},"content":{"rendered":"<p><em>Ser\u00e3o mais de quatro horas com uma sele\u00e7\u00e3o de m\u00fasicas inspiradas nas batidas tradicionais do samba e da cultura afro-brasileira<\/em><\/p>\n<p><sub>\u00a0<\/sub><\/p>\n<p>Deixe o frio de lado e tire a poeira da fantasia. Aproveite a criatividade e homenageie o seu \u00eddolo. Recomenda-se o uso de muito brilho e cor. Est\u00e1 chegando a hora da maior festa do foli\u00e3o brasileiro. Vamos entrar no esp\u00edrito do Carnaval com a Roda de Samba SOS Salve O Samba.<\/p>\n<p>&nbsp;<\/p>\n<p>Para esta edi\u00e7\u00e3o super especial, o SOS convida o grupo Ritmos da Cidade para uma sequ\u00eancia emocionante de marchinhas de carnaval. O RDC \u00e9 um bloco formado h\u00e1 20 anos e conta com profissionais de jazz e m\u00fasica cl\u00e1ssica. O repert\u00f3rio re\u00fane cl\u00e1ssicos de \u00edcones como Paulinho da Viola, Martinho da Vila, Cartola, Nelson Cavaquinho e Dona Ivone Lara.<\/p>\n<p>&nbsp;<\/p>\n<p><img decoding=\"async\" class=\"size-medium wp-image-22121 aligncenter\" src=\"https:\/\/www.bbmag.co.uk\/wp-content\/uploads\/2020\/02\/SOS-1-300x200.png\" alt=\"\" width=\"300\" height=\"200\" srcset=\"https:\/\/www.bbmag.co.uk\/wp-content\/uploads\/2020\/02\/SOS-1-300x200.png 300w, https:\/\/www.bbmag.co.uk\/wp-content\/uploads\/2020\/02\/SOS-1-768x511.png 768w, https:\/\/www.bbmag.co.uk\/wp-content\/uploads\/2020\/02\/SOS-1.png 939w\" sizes=\"(max-width: 300px) 100vw, 300px\" \/><\/p>\n<p>&nbsp;<\/p>\n<p>A feijoada do Chef Almir Santos ser\u00e1 servida ao longo do dia e haver\u00e1 op\u00e7\u00e3o vegana dispon\u00edvel. O menu apresenta tamb\u00e9m doces t\u00edpicos brasileiros. A programa\u00e7\u00e3o se completa com aula de samba aberta ao p\u00fablico a partir das 16h, conduzida pelo professor e dan\u00e7arino Rodrigo Correa. \u00c0s 16h30, o SOS ocupa o centro do sal\u00e3o.<\/p>\n<p>&nbsp;<\/p>\n<p><strong>Quando:<\/strong> 23 de fevereiro de 2020\u00ad, 14h \u00e0s 20h<\/p>\n<p><strong>Onde:<\/strong> Maxilla Social Club &#8211; 4 Maxilla Walk, W10 6NQ, London<\/p>\n<p>Esta\u00e7\u00e3o mais pr\u00f3xima: Latimer Road station<\/p>\n<p>Ingressos: \u00a38 (acima de 18 anos)<\/p>\n<p>Entrada gratuita para crian\u00e7as e adolescentes at\u00e9 17 anos<\/p>\n<p>*Pagamento somente em efetivo, n\u00e3o aceitam cart\u00e3o<\/p>\n<p>*Evento para toda a fam\u00edlia<\/p>\n<p>#sosrodadesamba #carnavalemlondres #carnaval2020<\/p>\n<p>&nbsp;<\/p>\n<p><strong>Fotos: <\/strong>Phil Edwards<\/p>\n<p>&nbsp;<\/p>\n","protected":false},"excerpt":{"rendered":"<p>Ser\u00e3o mais de quatro horas com uma sele\u00e7\u00e3o de m\u00fasicas inspiradas nas batidas tradicionais do samba e da cultura afro-brasileira \u00a0 Deixe o frio de lado e tire a poeira da fantasia. Aproveite a criatividade e homenageie o seu \u00eddolo. Recomenda-se o uso de muito brilho e cor. Est\u00e1 chegando a hora da maior festa<\/p>\n<div class=\"read-more\"><a href=\"https:\/\/www.bbmag.co.uk\/pt-br\/sos-salve-o-samba-promove-edicao-especial-de-carnaval\/\" title=\"Saiba mais\">Saiba mais<\/a><\/div>\n","protected":false},"author":6,"featured_media":22119,"comment_status":"open","ping_status":"open","sticky":false,"template":"","format":"standard","meta":{"_jetpack_memberships_contains_paid_content":false,"footnotes":"","jetpack_publicize_message":"","jetpack_publicize_feature_enabled":true,"jetpack_social_post_already_shared":false,"jetpack_social_options":{"image_generator_settings":{"template":"highway","default_image_id":0,"font":"","enabled":false},"version":2}},"categories":[273,71,67,94,78,74,99],"tags":[1145,1144,1146],"class_list":{"0":"post-22125","1":"post","2":"type-post","3":"status-publish","4":"format-standard","5":"has-post-thumbnail","7":"category-brazilians-that-rock-pt-br","8":"category-danca","9":"category-entretenimento","10":"category-estilo-de-vida","11":"category-bbmag-eventos","12":"category-musica","13":"category-my-london-pt","14":"tag-carnaval2020","15":"tag-carnavalemlondres","16":"tag-sosrodadesamba-pt-br"},"jetpack_publicize_connections":[],"jetpack_featured_media_url":"https:\/\/www.bbmag.co.uk\/wp-content\/uploads\/2020\/02\/SOS-2.png","jetpack-related-posts":[],"jetpack_sharing_enabled":true,"_links":{"self":[{"href":"https:\/\/www.bbmag.co.uk\/pt-br\/wp-json\/wp\/v2\/posts\/22125","targetHints":{"allow":["GET"]}}],"collection":[{"href":"https:\/\/www.bbmag.co.uk\/pt-br\/wp-json\/wp\/v2\/posts"}],"about":[{"href":"https:\/\/www.bbmag.co.uk\/pt-br\/wp-json\/wp\/v2\/types\/post"}],"author":[{"embeddable":true,"href":"https:\/\/www.bbmag.co.uk\/pt-br\/wp-json\/wp\/v2\/users\/6"}],"replies":[{"embeddable":true,"href":"https:\/\/www.bbmag.co.uk\/pt-br\/wp-json\/wp\/v2\/comments?post=22125"}],"version-history":[{"count":0,"href":"https:\/\/www.bbmag.co.uk\/pt-br\/wp-json\/wp\/v2\/posts\/22125\/revisions"}],"wp:featuredmedia":[{"embeddable":true,"href":"https:\/\/www.bbmag.co.uk\/pt-br\/wp-json\/wp\/v2\/media\/22119"}],"wp:attachment":[{"href":"https:\/\/www.bbmag.co.uk\/pt-br\/wp-json\/wp\/v2\/media?parent=22125"}],"wp:term":[{"taxonomy":"category","embeddable":true,"href":"https:\/\/www.bbmag.co.uk\/pt-br\/wp-json\/wp\/v2\/categories?post=22125"},{"taxonomy":"post_tag","embeddable":true,"href":"https:\/\/www.bbmag.co.uk\/pt-br\/wp-json\/wp\/v2\/tags?post=22125"}],"curies":[{"name":"wp","href":"https:\/\/api.w.org\/{rel}","templated":true}]}}