{"id":24721,"date":"2020-12-01T08:00:16","date_gmt":"2020-12-01T08:00:16","guid":{"rendered":"https:\/\/www.bbmag.co.uk\/?p=24721"},"modified":"2020-12-02T16:04:24","modified_gmt":"2020-12-02T16:04:24","slug":"a-arena-de-verona-a-opera-e-suas-historias","status":"publish","type":"post","link":"https:\/\/www.bbmag.co.uk\/pt-br\/a-arena-de-verona-a-opera-e-suas-historias\/","title":{"rendered":"A Arena de Verona, a \u00f3pera e suas hist\u00f3rias"},"content":{"rendered":"<p><i><span style=\"font-weight: 400;\">A Arena de Verona \u00e9 famosa no mundo inteiro por ser um dos anfiteatros mais bem conservados da hist\u00f3ria, mesmo com seus 2000 anos<\/span><\/i><\/p>\n<p>&nbsp;<\/p>\n<p><span style=\"font-weight: 400;\"><img decoding=\"async\" class=\"alignright size-medium wp-image-24712\" src=\"https:\/\/www.bbmag.co.uk\/wp-content\/uploads\/2020\/11\/bbamag_br-12-verona_arena3-300x245.jpg\" alt=\"\" width=\"300\" height=\"245\" srcset=\"https:\/\/www.bbmag.co.uk\/wp-content\/uploads\/2020\/11\/bbamag_br-12-verona_arena3-300x245.jpg 300w, https:\/\/www.bbmag.co.uk\/wp-content\/uploads\/2020\/11\/bbamag_br-12-verona_arena3-1024x836.jpg 1024w, https:\/\/www.bbmag.co.uk\/wp-content\/uploads\/2020\/11\/bbamag_br-12-verona_arena3-168x137.jpg 168w, https:\/\/www.bbmag.co.uk\/wp-content\/uploads\/2020\/11\/bbamag_br-12-verona_arena3.jpg 1163w\" sizes=\"(max-width: 300px) 100vw, 300px\" \/><\/span><\/p>\n<p><span style=\"font-weight: 400;\">Mundialmente conhecida como um dos maiores patrim\u00f4nios hist\u00f3ricos da humanidade, a Arena de Verona, na regi\u00e3o do V\u00eaneto, foi constru\u00edda no s\u00e9culo I depois de Cristo e se mant\u00e9m imponente at\u00e9 hoje. Vista com deslumbramento por visitantes de diferentes nacionalidades e \u00e9pocas, \u00e9 um verdadeiro gigante arquitet\u00f4nico que sobreviveu a tr\u00eas terremotos (nos anos de 1116, 1117, 1183), uma inunda\u00e7\u00e3o (em 589) e v\u00e1rias guerras que a usaram como forte. Sua manuten\u00e7\u00e3o se deu tamb\u00e9m, em parte, devido aos trabalhos de restaura\u00e7\u00e3o empregados desde o Renascimento.<\/span><\/p>\n<p><span style=\"font-weight: 400;\">O prov\u00e1vel primeiro uso da constru\u00e7\u00e3o foi como um p\u00e1tio de batalhas entre gladiadores \u2013 guerreiros de origem etrusca que lutavam entre si ou, \u00e0s vezes, contra animais, normalmente at\u00e9 a morte. Com o decl\u00ednio dos jogos gladiat\u00f3rios ao longo dos primeiros tr\u00eas s\u00e9culos depois de Cristo e o crescimento do cristianismo, os anfiteatros, em um \u00e2mbito geral, passaram a receber outros tipos de espet\u00e1culo, como \u00f3peras, pe\u00e7as teatrais, encena\u00e7\u00f5es de batalhas, festas etc.<\/span><\/p>\n<p><span style=\"font-weight: 400;\">Vale ressaltar que a Arena esteve fora de Verona nas primeiras d\u00e9cadas ap\u00f3s sua constru\u00e7\u00e3o. Isso se deu para evitar que confus\u00f5es e revoltas acontecessem dentro da cidade, sendo muito mais simples lidar com elas do lado de fora. Entretanto, com a ascens\u00e3o do Imperador Galiano, os limites de Verona foram expandidos e uma muralha foi constru\u00edda para abrigar o anfiteatro.<\/span><\/p>\n<p><span style=\"font-weight: 400;\"><img decoding=\"async\" class=\"size-medium wp-image-24718 alignleft\" src=\"https:\/\/www.bbmag.co.uk\/wp-content\/uploads\/2020\/11\/bbamag_br-12-verona_arena5-300x245.jpg\" alt=\"\" width=\"300\" height=\"245\" srcset=\"https:\/\/www.bbmag.co.uk\/wp-content\/uploads\/2020\/11\/bbamag_br-12-verona_arena5-300x245.jpg 300w, https:\/\/www.bbmag.co.uk\/wp-content\/uploads\/2020\/11\/bbamag_br-12-verona_arena5-1024x836.jpg 1024w, https:\/\/www.bbmag.co.uk\/wp-content\/uploads\/2020\/11\/bbamag_br-12-verona_arena5-168x137.jpg 168w, https:\/\/www.bbmag.co.uk\/wp-content\/uploads\/2020\/11\/bbamag_br-12-verona_arena5.jpg 1163w\" sizes=\"(max-width: 300px) 100vw, 300px\" \/><\/span><\/p>\n<p><span style=\"font-weight: 400;\">Em 1382, abrigou uma celebra\u00e7\u00e3o de 25 dias para o casamento de Antonio della Scala e Samaritana da Polenta, dois nobres locais.<\/span><\/p>\n<p><span style=\"font-weight: 400;\">Nos tempos modernos, a Arena de Verona voltou a conquistar o status importante que havia tido centenas de anos antes, muito em parte por causa do trabalho de alguns arquitetos renascentistas, como Caroto e Palladio. Assim, em 1586, depois de um surto de peste, o anfiteatro foi reconstru\u00eddo com sucesso, com esfor\u00e7os direcionados especialmente \u00e0 estrutura que permitia a realiza\u00e7\u00e3o de \u00f3peras. Outras restaura\u00e7\u00f5es foram feitas ao longo dos s\u00e9culos XVII e XVIII e, aos poucos, a Arena retomou sua grandiosidade estrutural. Em 1805, quando Verona esteve sob dom\u00ednio franc\u00eas, o anfiteatro foi visitado por ningu\u00e9m menos do que Napole\u00e3o Bonaparte.<\/span><\/p>\n<p><span style=\"font-weight: 400;\">A partir de 1913, a Arena de Verona passou a sediar o Festival de \u00d3pera de Verona, em comemora\u00e7\u00e3o aos 100 anos do nascimento do compositor Giuseppe Verdi; a primeira apresenta\u00e7\u00e3o foi a da sua obra A\u00edda.\u00a0 Desde ent\u00e3o, o anfiteatro passou a ter apresenta\u00e7\u00f5es em todos os ver\u00f5es, com pausas somente durante as duas Grandes Guerras. Tamb\u00e9m foi palco de shows e concertos de muitas bandas e artistas famosos, como Pink Floyd, Frank Sinatra, Bjork, Kiss, Deep Purple, Black Sabbath entre outras.<\/span><\/p>\n<p><span style=\"font-weight: 400;\">\u00a0<\/span><\/p>\n<p><span style=\"font-weight: 400;\"><img decoding=\"async\" class=\"alignright size-medium wp-image-24709\" src=\"https:\/\/www.bbmag.co.uk\/wp-content\/uploads\/2020\/11\/bbamag_br-12-verona_arena2-300x245.jpg\" alt=\"\" width=\"300\" height=\"245\" srcset=\"https:\/\/www.bbmag.co.uk\/wp-content\/uploads\/2020\/11\/bbamag_br-12-verona_arena2-300x245.jpg 300w, https:\/\/www.bbmag.co.uk\/wp-content\/uploads\/2020\/11\/bbamag_br-12-verona_arena2-1024x836.jpg 1024w, https:\/\/www.bbmag.co.uk\/wp-content\/uploads\/2020\/11\/bbamag_br-12-verona_arena2-168x137.jpg 168w, https:\/\/www.bbmag.co.uk\/wp-content\/uploads\/2020\/11\/bbamag_br-12-verona_arena2.jpg 1163w\" sizes=\"(max-width: 300px) 100vw, 300px\" \/><\/span><\/p>\n<p><span style=\"font-weight: 400;\">De qualquer modo, o principal foco do anfiteatro \u00e9 a produ\u00e7\u00e3o de \u00f3peras <\/span><span style=\"font-weight: 400;\">\u2014 <\/span><span style=\"font-weight: 400;\">vale ressaltar que \u00f3peras s\u00e3o parte do repert\u00f3rio de m\u00fasica cl\u00e1ssica erudita. As origens desse g\u00eanero podem ser tra\u00e7adas at\u00e9 os \u00faltimos anos do s\u00e9culo XVI, na cidade de Floren\u00e7a, na It\u00e1lia, pa\u00eds que se tornou um verdadeiro centro de compositores de qualidade, se n\u00e3o no territ\u00f3rio, na l\u00edngua. Muitos outros m\u00fasicos compuseram obras em italiano, como Mozart, o que demonstra a influ\u00eancia da m\u00fasica italiana no continente europeu.<\/span><\/p>\n<p><span style=\"font-weight: 400;\">Jacopo Peri \u00e9 considerado o inventor da \u00f3pera, ainda que seu trabalho, Dafne, tenha se perdido ao longo dos anos. Sua ideia ao escrev\u00ea-lo foi restaurar as trag\u00e9dias gregas que, para ele e seu grupo, a Camerata Florentina, podiam ser inteiramente cantadas. A origem dessa ideia, por sua vez, est\u00e1 nos preceitos do renascentismo de buscar inspira\u00e7\u00e3o na antiguidade, enquanto que a execu\u00e7\u00e3o dela vem da pr\u00e1tica da monodia, bastante em voga no fim do s\u00e9culo XVI.\u00a0<\/span><\/p>\n<p><span style=\"font-weight: 400;\"><img decoding=\"async\" class=\"size-medium wp-image-24715 alignleft\" src=\"https:\/\/www.bbmag.co.uk\/wp-content\/uploads\/2020\/11\/bbamag_br-12-verona_arena4-300x245.jpg\" alt=\"\" width=\"300\" height=\"245\" srcset=\"https:\/\/www.bbmag.co.uk\/wp-content\/uploads\/2020\/11\/bbamag_br-12-verona_arena4-300x245.jpg 300w, https:\/\/www.bbmag.co.uk\/wp-content\/uploads\/2020\/11\/bbamag_br-12-verona_arena4-1024x836.jpg 1024w, https:\/\/www.bbmag.co.uk\/wp-content\/uploads\/2020\/11\/bbamag_br-12-verona_arena4-168x137.jpg 168w, https:\/\/www.bbmag.co.uk\/wp-content\/uploads\/2020\/11\/bbamag_br-12-verona_arena4.jpg 1163w\" sizes=\"(max-width: 300px) 100vw, 300px\" \/><\/span><\/p>\n<p><span style=\"font-weight: 400;\">Monodia \u00e9, originalmente, uma composi\u00e7\u00e3o medieval em que h\u00e1 somente um cantor entoando o texto, sem acompanhamento musical. Essa ideia foi apropriada pelos florentinos e transformada em um estilo no qual uma voz solista \u00e9 acompanhada por alguns poucos instrumentos, geralmente com um tom melanc\u00f3lico que prov\u00e9m da poesia, onde a palavra monodia designa um poema onde um eu-l\u00edrico lamenta a morte de outrem.<\/span><\/p>\n<p><span style=\"font-weight: 400;\">No s\u00e9culo 17, a \u00f3pera italiana se consolidou como um dos maiores expoentes da cultura ocidental. Ela foi, ent\u00e3o, dividida: \u00f3pera s\u00e9ria e \u00f3pera buffa. Elas se distinguiam em muitos aspectos, sendo a primeira, como \u00e9 poss\u00edvel deduzir pelo nome, mais s\u00e9ria, e a segunda resgatando as pe\u00e7as mais c\u00f4micas do que foi o projeto de teatro italiano. Alguns dos nomes mais importantes desse per\u00edodo s\u00e3o os de Pietro Metastasio e Carlo Goldoni.<\/span><\/p>\n<p><span style=\"font-weight: 400;\"><img decoding=\"async\" class=\"alignright  wp-image-24706\" src=\"https:\/\/www.bbmag.co.uk\/wp-content\/uploads\/2020\/11\/bbamag_br-12-verona_arena1-300x245.jpg\" alt=\"\" width=\"255\" height=\"208\" srcset=\"https:\/\/www.bbmag.co.uk\/wp-content\/uploads\/2020\/11\/bbamag_br-12-verona_arena1-300x245.jpg 300w, https:\/\/www.bbmag.co.uk\/wp-content\/uploads\/2020\/11\/bbamag_br-12-verona_arena1-1024x836.jpg 1024w, https:\/\/www.bbmag.co.uk\/wp-content\/uploads\/2020\/11\/bbamag_br-12-verona_arena1-168x137.jpg 168w, https:\/\/www.bbmag.co.uk\/wp-content\/uploads\/2020\/11\/bbamag_br-12-verona_arena1.jpg 1163w\" sizes=\"(max-width: 255px) 100vw, 255px\" \/><\/span><\/p>\n<p><span style=\"font-weight: 400;\">Por fim, foi ao longo do s\u00e9culo 19 que a \u00f3pera conheceu seu momento \u00e1ureo, com o\u00a0 compositor italiano Giuseppe Verdi. Neste per\u00edodo considerado como Rom\u00e2ntico, a \u00f3pera viu o crescimento de sua influ\u00eancia nos pa\u00edses europeus e a cria\u00e7\u00e3o do espet\u00e1culo como conhecemos hoje, uma mescla incr\u00edvel de elementos do teatro, da m\u00fasica erudita, dos figurinos e de muito mais.<\/span><\/p>\n<p><span style=\"font-weight: 400;\">Mas n\u00e3o se pode falar em \u00f3pera sem mencionar o mais famoso dos cantores de \u00f3pera de todos os tempos: Luciano Pavarotti. Grande int\u00e9rprete das obras de Bellini, Donizetti, Verdi e Puccini, dentre outros em seu grande repert\u00f3rio, \u00e9 reconhecido como o tenor que popularizou mundialmente a \u00f3pera.<\/span><\/p>\n<p><span style=\"font-weight: 400;\">\u00a0<\/span><\/p>\n","protected":false},"excerpt":{"rendered":"<p>A Arena de Verona \u00e9 famosa no mundo inteiro por ser um dos anfiteatros mais bem conservados da hist\u00f3ria, mesmo com seus 2000 anos &nbsp; Mundialmente conhecida como um dos maiores patrim\u00f4nios hist\u00f3ricos da humanidade, a Arena de Verona, na regi\u00e3o do V\u00eaneto, foi constru\u00edda no s\u00e9culo I depois de Cristo e se mant\u00e9m imponente<\/p>\n<div class=\"read-more\"><a href=\"https:\/\/www.bbmag.co.uk\/pt-br\/a-arena-de-verona-a-opera-e-suas-historias\/\" title=\"Saiba mais\">Saiba mais<\/a><\/div>\n","protected":false},"author":38,"featured_media":24703,"comment_status":"open","ping_status":"open","sticky":false,"template":"","format":"standard","meta":{"_jetpack_memberships_contains_paid_content":false,"footnotes":"","jetpack_publicize_message":"","jetpack_publicize_feature_enabled":true,"jetpack_social_post_already_shared":false,"jetpack_social_options":{"image_generator_settings":{"template":"highway","default_image_id":0,"font":"","enabled":false},"version":2}},"categories":[74,88],"tags":[1331,2055,2053,1328,1327,1166,1167,1210,1300,666,359,1382,2057,415,2056,2054,550,2007,1216],"class_list":{"0":"post-24721","1":"post","2":"type-post","3":"status-publish","4":"format-standard","5":"has-post-thumbnail","7":"category-musica","8":"category-turismo","9":"tag-anglo-brasileira","10":"tag-arena-pt-br","11":"tag-arena-de-verona","12":"tag-bbmagbr-pt-br","13":"tag-bbmaguk-pt-br","14":"tag-bossa-brazil-magazine","15":"tag-cultura-brasileira","16":"tag-cultura-brasileira-em-londres","17":"tag-estilo-de-vida-brasileiro","18":"tag-historia","19":"tag-italia","20":"tag-italy-pt-br","21":"tag-music-pt-br","22":"tag-musica","23":"tag-opera-pt-br","24":"tag-pavarotti","25":"tag-revista","26":"tag-revista-bossa-brasil","27":"tag-revista-brasileira-em-londres"},"jetpack_publicize_connections":[],"jetpack_featured_media_url":"https:\/\/www.bbmag.co.uk\/wp-content\/uploads\/2020\/11\/bbamag_br-12-verona_arena-feat.jpg","jetpack-related-posts":[],"jetpack_sharing_enabled":true,"_links":{"self":[{"href":"https:\/\/www.bbmag.co.uk\/pt-br\/wp-json\/wp\/v2\/posts\/24721","targetHints":{"allow":["GET"]}}],"collection":[{"href":"https:\/\/www.bbmag.co.uk\/pt-br\/wp-json\/wp\/v2\/posts"}],"about":[{"href":"https:\/\/www.bbmag.co.uk\/pt-br\/wp-json\/wp\/v2\/types\/post"}],"author":[{"embeddable":true,"href":"https:\/\/www.bbmag.co.uk\/pt-br\/wp-json\/wp\/v2\/users\/38"}],"replies":[{"embeddable":true,"href":"https:\/\/www.bbmag.co.uk\/pt-br\/wp-json\/wp\/v2\/comments?post=24721"}],"version-history":[{"count":0,"href":"https:\/\/www.bbmag.co.uk\/pt-br\/wp-json\/wp\/v2\/posts\/24721\/revisions"}],"wp:featuredmedia":[{"embeddable":true,"href":"https:\/\/www.bbmag.co.uk\/pt-br\/wp-json\/wp\/v2\/media\/24703"}],"wp:attachment":[{"href":"https:\/\/www.bbmag.co.uk\/pt-br\/wp-json\/wp\/v2\/media?parent=24721"}],"wp:term":[{"taxonomy":"category","embeddable":true,"href":"https:\/\/www.bbmag.co.uk\/pt-br\/wp-json\/wp\/v2\/categories?post=24721"},{"taxonomy":"post_tag","embeddable":true,"href":"https:\/\/www.bbmag.co.uk\/pt-br\/wp-json\/wp\/v2\/tags?post=24721"}],"curies":[{"name":"wp","href":"https:\/\/api.w.org\/{rel}","templated":true}]}}