{"id":2876,"date":"2016-03-29T03:00:16","date_gmt":"2016-03-29T02:00:16","guid":{"rendered":"http:\/\/bbmag.co.uk\/new\/pt-br\/?p=2876"},"modified":"2016-04-11T22:14:56","modified_gmt":"2016-04-11T21:14:56","slug":"brasil-ciclismo-em-2018","status":"publish","type":"post","link":"https:\/\/www.bbmag.co.uk\/pt-br\/brasil-ciclismo-em-2018\/","title":{"rendered":"Brasil sediar\u00e1 evento de ciclismo em 2018"},"content":{"rendered":"<p><img decoding=\"async\" class=\"size-medium wp-image-3064 alignright\" src=\"http:\/\/bbmag.co.uk\/wp-content\/uploads\/2016\/03\/velo-city2015_2-300x290.jpg\" alt=\"velo-city2015_2\" width=\"300\" height=\"290\" srcset=\"https:\/\/www.bbmag.co.uk\/wp-content\/uploads\/2016\/03\/velo-city2015_2-300x290.jpg 300w, https:\/\/www.bbmag.co.uk\/wp-content\/uploads\/2016\/03\/velo-city2015_2-610x591.jpg 610w, https:\/\/www.bbmag.co.uk\/wp-content\/uploads\/2016\/03\/velo-city2015_2.jpg 720w\" sizes=\"(max-width: 300px) 100vw, 300px\" \/>A Federa\u00e7\u00e3o Europeia de Ciclismo (ECF <em>European Cyclist Federation<\/em>) escolheu o Brasil para sediar o Velo-city 2018. O evento, que vai discutir propostas para viabilizar cada vez mais o uso de bicicletas na cidade, acontecer\u00e1 no Rio de Janeiro e estima-se que aproximadamente tr\u00eas mil pessoas participar\u00e3o de forma direta ou indireta no evento, segundo a Prefeitura do Munic\u00edpio.<\/p>\n<p>O Velo-city acontece anualmente. Nos anos \u00edmpares os pa\u00edses sedes s\u00e3o sempre na Europa, j\u00e1 nos pares, o foco \u00e9 escolher localidades onde projetos para aumentar o uso de bicicletas est\u00e3o sendo desenvolvidos.<\/p>\n<p>O Rio de Janeiro teve um aumento percept\u00edvel no n\u00famero de ciclistas nas ruas, principalmente ap\u00f3s a implanta\u00e7\u00e3o do aluguel de bicicletas p\u00fablicas em diversos bairros da cidade e da extens\u00e3o e cria\u00e7\u00e3o de ciclovias.\u00a0 Entretanto, \u201cpara que se saiba o que fazer, \u00e9 preciso um monitoramento cont\u00ednuo do ciclismo como meio de transporte urbano, e n\u00e3o \u00e9 o que acontece na Prefeitura do Rio\u201d, afirma o arquiteto Alziro Neto, que na sua disserta\u00e7\u00e3o de mestrado fez um comparativo entre as ciclovias do Rio de Janeiro com a de outras cidades mais avan\u00e7adas no tema.<\/p>\n<p><img decoding=\"async\" class=\"size-medium wp-image-3062 alignleft\" src=\"http:\/\/bbmag.co.uk\/wp-content\/uploads\/2016\/03\/velo-city2015_1-300x200.jpg\" alt=\"velo-city2015_1\" width=\"300\" height=\"200\" srcset=\"https:\/\/www.bbmag.co.uk\/wp-content\/uploads\/2016\/03\/velo-city2015_1-300x200.jpg 300w, https:\/\/www.bbmag.co.uk\/wp-content\/uploads\/2016\/03\/velo-city2015_1-610x406.jpg 610w, https:\/\/www.bbmag.co.uk\/wp-content\/uploads\/2016\/03\/velo-city2015_1.jpg 720w\" sizes=\"(max-width: 300px) 100vw, 300px\" \/>Um evento desse porte pode modificar o panorama atual ao trazer propostas e novos projetos para o centro do debate. Uma s\u00e9rie de palestras e discuss\u00f5es ser\u00e1 organizada al\u00e9m de, possivelmente, uma \u201cbike parade\u201d que percorrer\u00e1 as ruas para buscar visibilidade n\u00e3o s\u00f3 para o evento, mas tamb\u00e9m para as demandas dos ciclistas.<\/p>\n<p>Al\u00e9m do Rio de Janeiro, a cidade de S\u00e3o Paulo tamb\u00e9m tem trabalhado duro para tornar cada vez mais vi\u00e1vel a locomo\u00e7\u00e3o atrav\u00e9s das bicicletas e, de 26 a 29 de maio desse ano, ser\u00e1 sede da primeira edi\u00e7\u00e3o do Bicicultura. Realizado pela Uni\u00e3o dos Ciclistas do Brasil (UCB) juntamente com a Associa\u00e7\u00e3o dos Ciclistas Urbanos de S\u00e3o Paulo (Ciclocidade) e outras organiza\u00e7\u00f5es, esse ser\u00e1 o maior encontro nacional para discutir sobre o tema.<\/p>\n","protected":false},"excerpt":{"rendered":"<p>A Federa\u00e7\u00e3o Europeia de Ciclismo (ECF European Cyclist Federation) escolheu o Brasil para sediar o Velo-city 2018. O evento, que vai discutir propostas para viabilizar cada vez mais o uso de bicicletas na cidade, acontecer\u00e1 no Rio de Janeiro e estima-se que aproximadamente tr\u00eas mil pessoas participar\u00e3o de forma direta ou indireta no evento, segundo<\/p>\n<div class=\"read-more\"><a href=\"https:\/\/www.bbmag.co.uk\/pt-br\/brasil-ciclismo-em-2018\/\" title=\"Saiba mais\">Saiba mais<\/a><\/div>\n","protected":false},"author":72,"featured_media":2877,"comment_status":"open","ping_status":"open","sticky":false,"template":"","format":"standard","meta":{"_jetpack_memberships_contains_paid_content":false,"footnotes":"","jetpack_publicize_message":"","jetpack_publicize_feature_enabled":true,"jetpack_social_post_already_shared":false,"jetpack_social_options":{"image_generator_settings":{"template":"highway","default_image_id":0,"font":"","enabled":false},"version":2}},"categories":[76,78],"tags":[],"class_list":{"0":"post-2876","1":"post","2":"type-post","3":"status-publish","4":"format-standard","5":"has-post-thumbnail","7":"category-esportes","8":"category-bbmag-eventos"},"jetpack_publicize_connections":[],"jetpack_featured_media_url":"https:\/\/www.bbmag.co.uk\/wp-content\/uploads\/2016\/03\/ciclovia-rio-1260x710.jpg","jetpack-related-posts":[],"jetpack_sharing_enabled":true,"_links":{"self":[{"href":"https:\/\/www.bbmag.co.uk\/pt-br\/wp-json\/wp\/v2\/posts\/2876","targetHints":{"allow":["GET"]}}],"collection":[{"href":"https:\/\/www.bbmag.co.uk\/pt-br\/wp-json\/wp\/v2\/posts"}],"about":[{"href":"https:\/\/www.bbmag.co.uk\/pt-br\/wp-json\/wp\/v2\/types\/post"}],"author":[{"embeddable":true,"href":"https:\/\/www.bbmag.co.uk\/pt-br\/wp-json\/wp\/v2\/users\/72"}],"replies":[{"embeddable":true,"href":"https:\/\/www.bbmag.co.uk\/pt-br\/wp-json\/wp\/v2\/comments?post=2876"}],"version-history":[{"count":0,"href":"https:\/\/www.bbmag.co.uk\/pt-br\/wp-json\/wp\/v2\/posts\/2876\/revisions"}],"wp:featuredmedia":[{"embeddable":true,"href":"https:\/\/www.bbmag.co.uk\/pt-br\/wp-json\/wp\/v2\/media\/2877"}],"wp:attachment":[{"href":"https:\/\/www.bbmag.co.uk\/pt-br\/wp-json\/wp\/v2\/media?parent=2876"}],"wp:term":[{"taxonomy":"category","embeddable":true,"href":"https:\/\/www.bbmag.co.uk\/pt-br\/wp-json\/wp\/v2\/categories?post=2876"},{"taxonomy":"post_tag","embeddable":true,"href":"https:\/\/www.bbmag.co.uk\/pt-br\/wp-json\/wp\/v2\/tags?post=2876"}],"curies":[{"name":"wp","href":"https:\/\/api.w.org\/{rel}","templated":true}]}}