{"id":6466,"date":"2016-07-22T04:00:04","date_gmt":"2016-07-22T03:00:04","guid":{"rendered":"http:\/\/www.bbmag.co.uk\/pt-br\/?p=6466"},"modified":"2017-10-02T22:05:20","modified_gmt":"2017-10-02T21:05:20","slug":"mis-apresenta-exposicao-de-martin-parr","status":"publish","type":"post","link":"https:\/\/www.bbmag.co.uk\/pt-br\/mis-apresenta-exposicao-de-martin-parr\/","title":{"rendered":"MIS apresenta exposi\u00e7\u00e3o de Martin Parr"},"content":{"rendered":"<p style=\"text-align: justify;\">O Museu da Imagem e do Som, em S\u00e3o Paulo, dedica um espa\u00e7o anual e exclusivo para exposi\u00e7\u00f5es fotogr\u00e1ficas com obras de artistas tanto nacionais quanto internacionais. Esse ano, o fot\u00f3grafo brit\u00e2nico Martin Parr ser\u00e1 a estrela, com a maior mostra j\u00e1 realizada na Am\u00e9rica do Sul.<\/p>\n<p style=\"text-align: justify;\">O olhar por tr\u00e1s das c\u00e2meras, que mostra situa\u00e7\u00f5es inusitadas, personagens e cenas intrigantes, mesclando o real com o ficcional, \u00e9 retratado na mostra intitulada <em>Parrtificial<\/em>, com 244 fotos, dividida em sete partes para melhor entendimento cronol\u00f3gico, po\u00e9tico e cultural, e que ocupar\u00e1 todo o primeiro andar do MIS.<\/p>\n<p style=\"text-align: justify;\">Martin \u00e9 um dos maiores e mais famosos fot\u00f3grafos contempor\u00e2neos da sua gera\u00e7\u00e3o e \u00e9 conhecido por mostrar, atrav\u00e9s de suas fotos, aspectos da vida moderna de forma c\u00f4mica, em especial documentando as classes sociais da Inglaterra. Seu legado na fotografia j\u00e1 foi consolidado com 90 livros publicados de autoria pr\u00f3pria e sendo curador de diversos festivais e exposi\u00e7\u00f5es com o mesmo tema. Seu trabalho agrega cole\u00e7\u00f5es de muitos museus importantes \u2013 Galeria Tate (Londres), Centro Pompidou (Paris), al\u00e9m do MoMA (Nova York).<\/p>\n<p style=\"text-align: justify;\">Al\u00e9m de Martin Parr, o MIS apresentar\u00e1 outras atividades no mesmo per\u00edodo, com outras exposi\u00e7\u00f5es e exibi\u00e7\u00e3o de filmes.<\/p>\n<p style=\"text-align: justify;\"><strong>Onde:<\/strong> MIS (Museu da Imagem e do Som) &#8211; Av. Europa, 158 &#8211; Jardim Europa, S\u00e3o Paulo \u2013 SP &#8211; Brasil<\/p>\n<p style=\"text-align: justify;\"><strong>Quando<\/strong>: At\u00e9 24 de julho<\/p>\n<p style=\"text-align: justify;\"><strong>Hor\u00e1rio:<\/strong> ter\u00e7as a s\u00e1bados, das 12h \u00e0s 21h; domingos e feriados, das 11h \u00e0s 20h (Venda de ingressos at\u00e9 1h antes do fechamento das exposi\u00e7\u00f5es)<\/p>\n<p style=\"text-align: justify;\"><strong>Local:<\/strong> Espa\u00e7o Redondo, Espa\u00e7o Expositivo 1\u00ba andar, Espa\u00e7o Expositivo 2\u00ba andar e Nicho<\/p>\n<p style=\"text-align: justify;\"><strong>Classifica\u00e7\u00e3o et\u00e1ria:<\/strong> livre<\/p>\n<p style=\"text-align: justify;\"><strong>Para mais informa\u00e7\u00f5es e programa\u00e7\u00e3o<\/strong>: <a href=\"http:\/\/www.mis-sp.org.br\">www.mis-sp.org.br<\/a><\/p>\n","protected":false},"excerpt":{"rendered":"<p>O Museu da Imagem e do Som, em S\u00e3o Paulo, dedica um espa\u00e7o anual e exclusivo para exposi\u00e7\u00f5es fotogr\u00e1ficas com obras de artistas tanto nacionais quanto internacionais. Esse ano, o fot\u00f3grafo brit\u00e2nico Martin Parr ser\u00e1 a estrela, com a maior mostra j\u00e1 realizada na Am\u00e9rica do Sul. O olhar por tr\u00e1s das c\u00e2meras, que mostra<\/p>\n<div class=\"read-more\"><a href=\"https:\/\/www.bbmag.co.uk\/pt-br\/mis-apresenta-exposicao-de-martin-parr\/\" title=\"Saiba mais\">Saiba mais<\/a><\/div>\n","protected":false},"author":72,"featured_media":16432,"comment_status":"open","ping_status":"open","sticky":false,"template":"","format":"standard","meta":{"_jetpack_memberships_contains_paid_content":false,"footnotes":"","jetpack_publicize_message":"","jetpack_publicize_feature_enabled":true,"jetpack_social_post_already_shared":false,"jetpack_social_options":{"image_generator_settings":{"template":"highway","default_image_id":0,"font":"","enabled":false},"version":2}},"categories":[67,73,179],"tags":[],"class_list":{"0":"post-6466","1":"post","2":"type-post","3":"status-publish","4":"format-standard","5":"has-post-thumbnail","7":"category-entretenimento","8":"category-exposicoes","9":"category-papo-de-boteco"},"jetpack_publicize_connections":[],"jetpack_featured_media_url":"https:\/\/www.bbmag.co.uk\/wp-content\/uploads\/2016\/07\/Martin-Parr-Magnum-Photos-Galeria-Lume-M\u00c3\u00a9xico-2003.jpg","jetpack-related-posts":[],"jetpack_sharing_enabled":true,"_links":{"self":[{"href":"https:\/\/www.bbmag.co.uk\/pt-br\/wp-json\/wp\/v2\/posts\/6466","targetHints":{"allow":["GET"]}}],"collection":[{"href":"https:\/\/www.bbmag.co.uk\/pt-br\/wp-json\/wp\/v2\/posts"}],"about":[{"href":"https:\/\/www.bbmag.co.uk\/pt-br\/wp-json\/wp\/v2\/types\/post"}],"author":[{"embeddable":true,"href":"https:\/\/www.bbmag.co.uk\/pt-br\/wp-json\/wp\/v2\/users\/72"}],"replies":[{"embeddable":true,"href":"https:\/\/www.bbmag.co.uk\/pt-br\/wp-json\/wp\/v2\/comments?post=6466"}],"version-history":[{"count":0,"href":"https:\/\/www.bbmag.co.uk\/pt-br\/wp-json\/wp\/v2\/posts\/6466\/revisions"}],"wp:featuredmedia":[{"embeddable":true,"href":"https:\/\/www.bbmag.co.uk\/pt-br\/wp-json\/wp\/v2\/media\/16432"}],"wp:attachment":[{"href":"https:\/\/www.bbmag.co.uk\/pt-br\/wp-json\/wp\/v2\/media?parent=6466"}],"wp:term":[{"taxonomy":"category","embeddable":true,"href":"https:\/\/www.bbmag.co.uk\/pt-br\/wp-json\/wp\/v2\/categories?post=6466"},{"taxonomy":"post_tag","embeddable":true,"href":"https:\/\/www.bbmag.co.uk\/pt-br\/wp-json\/wp\/v2\/tags?post=6466"}],"curies":[{"name":"wp","href":"https:\/\/api.w.org\/{rel}","templated":true}]}}