{"id":7080,"date":"2016-08-30T07:00:26","date_gmt":"2016-08-30T06:00:26","guid":{"rendered":"http:\/\/www.bbmag.co.uk\/pt-br\/?p=7080"},"modified":"2017-10-02T21:29:50","modified_gmt":"2017-10-02T20:29:50","slug":"fundacoes-ema-e-eva-klabin-unidas-pela-arte-e-tecnologia","status":"publish","type":"post","link":"https:\/\/www.bbmag.co.uk\/pt-br\/fundacoes-ema-e-eva-klabin-unidas-pela-arte-e-tecnologia\/","title":{"rendered":"Funda\u00e7\u00f5es Ema e Eva Klabin: unidas pela arte e tecnologia"},"content":{"rendered":"<p style=\"text-align: justify;\"><em>Ao visitar a Funda\u00e7\u00e3o Ema Klabin, em S\u00e3o Paulo, o p\u00fablico al\u00e9m de conhecer o rico acervo da casa-museu e sua beleza arquitet\u00f4nica, far\u00e1 uma visita virtual a outra casa-museu por meio de uma videoconfer\u00eancia.<\/em><\/p>\n<p style=\"text-align: justify;\">A Funda\u00e7\u00e3o Ema Klabin, no Jardim Europa, em S\u00e3o Paulo, promove, at\u00e9 o dia 3 de setembro, o programa Ema Visita. Totens instalados em duas casas-museu v\u00e3o permitir que visitantes de centros culturais distantes intercambiem ideias, visualizem obras de arte, comparem estilos e conhe\u00e7am mais sobre a hist\u00f3ria de cada espa\u00e7o, por meio de uma videoconfer\u00eancia. Para a primeira edi\u00e7\u00e3o do Programa Ema Visita, a escolha natural foi a Funda\u00e7\u00e3o Eva Klabin, na cidade do Rio de Janeiro, criada pela irm\u00e3 mais velha de Ema Klabin. O p\u00fablico poder\u00e1 observar, simultaneamente, cole\u00e7\u00f5es e ambientes organizados pelas duas irm\u00e3s de personalidades muito distintas.<\/p>\n<p style=\"text-align: justify;\">Segundo o curador da Funda\u00e7\u00e3o Ema Klabin, o arquiteto Paulo Costa, o objetivo do programa Ema Visita \u00e9 despertar uma reflex\u00e3o sobre o universo de casas-museu. \u201c\u00c9 uma oportunidade de di\u00e1logo entre p\u00fablicos diversos, que n\u00e3o pretende, de forma alguma, substituir uma visita presencial, mas, sim, despertar o seu interesse\u201d, explica o curador. A programa\u00e7\u00e3o cultural da Funda\u00e7\u00e3o Ema Klabin, al\u00e9m de preservar e difundir a casa, a cole\u00e7\u00e3o e a mem\u00f3ria de sua fundadora, tamb\u00e9m acolhe quest\u00f5es relativas \u00e0 hist\u00f3ria do bairro, da cidade e seus habitantes. Desde 2015, a Funda\u00e7\u00e3o realiza uma programa\u00e7\u00e3o voltada \u00e0 sustentabilidade e ao meio ambiente, que inclui palestras, oficinas e document\u00e1rios. \u201cO conceito que agora exploramos \u00e9 o de um museu expandido, que vai al\u00e9m de seus limites f\u00edsicos e busca preservar e divulgar o patrim\u00f4nio da paisagem cultural em que estamos inseridos\u201d, completou Paulo Costa.<\/p>\n<p style=\"text-align: justify;\">\u201cA Funda\u00e7\u00e3o Eva Klabin se junta entusiasticamente a essa iniciativa porque identifica nela uma experi\u00eancia positiva do uso da tecnologia digital como ferramenta de aproxima\u00e7\u00e3o de realidades f\u00edsicas distantes, por\u00e9m pr\u00f3ximas nos seus objetivos e interesses, assim, como a hist\u00f3ria das Funda\u00e7\u00f5es Eva Klabin e Ema Klabin, que foram criadas por duas irm\u00e3s em duas cidades distintas: Rio de Janeiro e S\u00e3o Paulo\u201d, diz Marcio Doctors, curador da casa-museu carioca.<\/p>\n<p style=\"text-align: justify;\">A Funda\u00e7\u00e3o Ema Klabin possui mais de 1.500 pe\u00e7as, reunidas por Ema Klabin e oriundas de quatro continentes e diversas civiliza\u00e7\u00f5es, com grande \u00eanfase na arte europeia e na brasileira, importantes n\u00facleos de arte asi\u00e1tica, arte africana, artes decorativas, obras da Antiguidade Cl\u00e1ssica e do per\u00edodo pr\u00e9-colombiano, cobrindo um arco temporal de mais de 3.500 anos. Entre as obras destacam-se pinturas do russo Marc Chagall e do holand\u00eas Frans Post, dos modernistas brasileiros Tarsila do Amaral, Di Cavalcanti, Portinari e Lasar Segal; talhas do mineiro Mestre Valentim, mobili\u00e1rio de \u00e9poca, pe\u00e7as arqueol\u00f3gicas e decorativas.<\/p>\n<p style=\"text-align: justify;\">Constru\u00edda na d\u00e9cada de 50 pelo engenheiro-arquiteto Ernesto Becker, a resid\u00eancia de 900 m\u00b2 foi inspirada no Pal\u00e1cio de Sanssouci, em Potsdam, Alemanha, e foi inaugurada em 1960. Ema Klabin viveu ali at\u00e9 1994 e ap\u00f3s sua morte a casa passou a ser a sede da institui\u00e7\u00e3o que leva seu nome e re\u00fane sua cole\u00e7\u00e3o de arte adquirida em galerias e antiqu\u00e1rios no mundo inteiro.<\/p>\n<p style=\"text-align: justify;\">Al\u00e9m das obras de arte, a biblioteca, que possui um acervo de tr\u00eas mil volumes, merece destaque. Nela h\u00e1 livros raros, englobando desde manuscritos iluminados at\u00e9 os primeiros exemplares do livro impresso, bem como relatos de viajantes europeus pelo Brasil, datados do s\u00e9culo XVI ao XIX. Inicialmente, a cole\u00e7\u00e3o de livros teve a orienta\u00e7\u00e3o do bibli\u00f3filo Jos\u00e9 Mindlin.<\/p>\n<p style=\"text-align: justify;\">A Funda\u00e7\u00e3o Eva Klabin foi criada em 1990, um ano antes do falecimento de sua idealizadora e instituidora, e abriu oficialmente ao p\u00fablico em agosto de 1995. Atualmente abriga a cole\u00e7\u00e3o reunida por Eva Klabin (1903-1991), um dos mais importantes acervos de arte cl\u00e1ssica dos museus brasileiros, contando com mais de duas mil pe\u00e7as que cobrem quase 50 s\u00e9culos, do Egito Antigo ao Impressionismo.<\/p>\n<p style=\"text-align: justify;\">Comprada por Eva Klabin em 1952, a casa data de 1931, sendo das primeiras resid\u00eancias da ent\u00e3o rec\u00e9m-urbanizada Lagoa Rodrigo de Freitas. Suas dimens\u00f5es eram modestas e seu estilo normando foi um modismo caracter\u00edstico da \u00e9poca, bastante empregado nas casas &#8220;balneares&#8221; da cidade. No in\u00edcio dos anos 60, j\u00e1 vi\u00fava, Eva Klabin decidiu empreender uma verdadeira revolu\u00e7\u00e3o na casa original e, apesar de manter o estilo, fez uma grande reforma de amplia\u00e7\u00e3o adaptando-a para receber a cole\u00e7\u00e3o que crescia a cada dia. Pessoa de gosto apurado e detalhista, a propriet\u00e1ria encomendou os mais finos materiais e cuidou de cada detalhe de acabamento.<\/p>\n<p style=\"text-align: justify;\">De volta \u00e0 casa da Lagoa, em 1967, tornou-se grande anfitri\u00e3 e passou a se dedicar, ainda com maior entusiasmo, \u00e0 cole\u00e7\u00e3o. A ideia de criar a institui\u00e7\u00e3o que perpetuaria a sua obra e guardaria a sua cole\u00e7\u00e3o a ser compartilhada com o p\u00fablico come\u00e7a a amadurecer. Na d\u00e9cada de 1980, cercou-se de profissionais que come\u00e7aram a inventariar e pesquisar o acervo e tomou todas as medidas legais para a cria\u00e7\u00e3o da funda\u00e7\u00e3o. Ao falecer em 1991, deixou para as futuras gera\u00e7\u00f5es um bem incalcul\u00e1vel.<\/p>\n<p><strong>Funda\u00e7\u00e3o Ema Klabin \u2013 Visitas Monitoradas e Programa Ema Visita<\/strong><\/p>\n<p>Datas e hor\u00e1rios: Ter\u00e7a a sexta: \u00e0s 14h, 15h, 16h e 17h.<\/p>\n<p>S\u00e1bados de show: 14h \u00e0s 16h30.<\/p>\n<p>Agendamento: De segunda a quinta as visitas monitoradas devem ser agendadas pelo telefone (11) 3897-3232 ou pelo site<a href=\"http:\/\/www.emaklabin.org.br\/\"> http:\/\/www.emaklabin.org.br\/<\/a> \u00c0s sextas-feiras e s\u00e1bados de show as visitas n\u00e3o necessitam agendamento.<\/p>\n<p>Dura\u00e7\u00e3o: As visitas duram, em m\u00e9dia, 1 hora.<\/p>\n<p>Pre\u00e7o: De ter\u00e7a a quinta: R$ 10 (inteira) e R$ 5 (meia), e gratuito para professores.<\/p>\n<p>Sextas e s\u00e1bados de show: Entrada franca.<\/p>\n<p>Indica\u00e7\u00e3o: a partir de 7 anos.<\/p>\n<p>Endere\u00e7o: Rua Portugal, 43, Jardim Europa, S\u00e3o Paulo.<\/p>\n","protected":false},"excerpt":{"rendered":"<p>Ao visitar a Funda\u00e7\u00e3o Ema Klabin, em S\u00e3o Paulo, o p\u00fablico al\u00e9m de conhecer o rico acervo da casa-museu e sua beleza arquitet\u00f4nica, far\u00e1 uma visita virtual a outra casa-museu por meio de uma videoconfer\u00eancia. A Funda\u00e7\u00e3o Ema Klabin, no Jardim Europa, em S\u00e3o Paulo, promove, at\u00e9 o dia 3 de setembro, o programa Ema<\/p>\n<div class=\"read-more\"><a href=\"https:\/\/www.bbmag.co.uk\/pt-br\/fundacoes-ema-e-eva-klabin-unidas-pela-arte-e-tecnologia\/\" title=\"Saiba mais\">Saiba mais<\/a><\/div>\n","protected":false},"author":72,"featured_media":16423,"comment_status":"open","ping_status":"open","sticky":false,"template":"","format":"standard","meta":{"_jetpack_memberships_contains_paid_content":false,"footnotes":"","jetpack_publicize_message":"","jetpack_publicize_feature_enabled":true,"jetpack_social_post_already_shared":false,"jetpack_social_options":{"image_generator_settings":{"template":"highway","default_image_id":0,"font":"","enabled":false},"version":2}},"categories":[72,67,78,73],"tags":[],"class_list":{"0":"post-7080","1":"post","2":"type-post","3":"status-publish","4":"format-standard","5":"has-post-thumbnail","7":"category-design-pt-br","8":"category-entretenimento","9":"category-bbmag-eventos","10":"category-exposicoes"},"jetpack_publicize_connections":[],"jetpack_featured_media_url":"https:\/\/www.bbmag.co.uk\/wp-content\/uploads\/2016\/08\/frans-post.jpg","jetpack-related-posts":[],"jetpack_sharing_enabled":true,"_links":{"self":[{"href":"https:\/\/www.bbmag.co.uk\/pt-br\/wp-json\/wp\/v2\/posts\/7080","targetHints":{"allow":["GET"]}}],"collection":[{"href":"https:\/\/www.bbmag.co.uk\/pt-br\/wp-json\/wp\/v2\/posts"}],"about":[{"href":"https:\/\/www.bbmag.co.uk\/pt-br\/wp-json\/wp\/v2\/types\/post"}],"author":[{"embeddable":true,"href":"https:\/\/www.bbmag.co.uk\/pt-br\/wp-json\/wp\/v2\/users\/72"}],"replies":[{"embeddable":true,"href":"https:\/\/www.bbmag.co.uk\/pt-br\/wp-json\/wp\/v2\/comments?post=7080"}],"version-history":[{"count":0,"href":"https:\/\/www.bbmag.co.uk\/pt-br\/wp-json\/wp\/v2\/posts\/7080\/revisions"}],"wp:featuredmedia":[{"embeddable":true,"href":"https:\/\/www.bbmag.co.uk\/pt-br\/wp-json\/wp\/v2\/media\/16423"}],"wp:attachment":[{"href":"https:\/\/www.bbmag.co.uk\/pt-br\/wp-json\/wp\/v2\/media?parent=7080"}],"wp:term":[{"taxonomy":"category","embeddable":true,"href":"https:\/\/www.bbmag.co.uk\/pt-br\/wp-json\/wp\/v2\/categories?post=7080"},{"taxonomy":"post_tag","embeddable":true,"href":"https:\/\/www.bbmag.co.uk\/pt-br\/wp-json\/wp\/v2\/tags?post=7080"}],"curies":[{"name":"wp","href":"https:\/\/api.w.org\/{rel}","templated":true}]}}